{"id":1182,"count":1,"description":"","link":"https:\/\/nyje.al\/sq\/tag\/europa-shtrin-kolonite-e-saj-penale-ne-shqiperi\/","name":"Europa shtrin kolonit\u00eb e saj penale n\u00eb Shqip\u00ebri","slug":"europa-shtrin-kolonite-e-saj-penale-ne-shqiperi","taxonomy":"post_tag","meta":[],"_links":{"self":[{"href":"https:\/\/nyje.al\/sq\/wp-json\/wp\/v2\/tags\/1182","targetHints":{"allow":["GET"]}}],"collection":[{"href":"https:\/\/nyje.al\/sq\/wp-json\/wp\/v2\/tags"}],"about":[{"href":"https:\/\/nyje.al\/sq\/wp-json\/wp\/v2\/taxonomies\/post_tag"}],"wp:post_type":[{"href":"https:\/\/nyje.al\/sq\/wp-json\/wp\/v2\/posts?tags=1182"},{"href":"https:\/\/nyje.al\/sq\/wp-json\/wp\/v2\/podcast?tags=1182"}],"curies":[{"name":"wp","href":"https:\/\/api.w.org\/{rel}","templated":true}]}}