{"id":27717,"date":"2025-02-13T12:14:37","date_gmt":"2025-02-13T11:14:37","guid":{"rendered":"https:\/\/nyje.al\/?p=27717"},"modified":"2025-02-13T12:17:30","modified_gmt":"2025-02-13T11:17:30","slug":"aktivistet-e-levizja-bashke-kerkojne-doreheqjen-e-edi-rames-shko-te-shoket","status":"publish","type":"post","link":"https:\/\/nyje.al\/sq\/aktivistet-e-levizja-bashke-kerkojne-doreheqjen-e-edi-rames-shko-te-shoket\/","title":{"rendered":"Aktivist\u00ebt e &#8220;L\u00ebvizja Bashk\u00eb&#8221; k\u00ebrkojn\u00eb dor\u00ebheqjen e Edi Ram\u00ebs: &#8220;Shko te shok\u00ebt&#8221;"},"content":{"rendered":"\t\t<div data-elementor-type=\"wp-post\" data-elementor-id=\"27717\" class=\"elementor elementor-27717\">\n\t\t\t\t<div class=\"elementor-element elementor-element-05a97ff e-flex e-con-boxed wpr-particle-no wpr-jarallax-no wpr-parallax-no wpr-sticky-section-no wpr-equal-height-no e-con e-parent\" data-id=\"05a97ff\" data-element_type=\"container\" data-e-type=\"container\">\n\t\t\t\t\t<div class=\"e-con-inner\">\n\t\t\t\t<div class=\"elementor-element elementor-element-4a5b2ea elementor-widget elementor-widget-text-editor\" data-id=\"4a5b2ea\" data-element_type=\"widget\" data-e-type=\"widget\" data-widget_type=\"text-editor.default\">\n\t\t\t\t<div class=\"elementor-widget-container\">\n\t\t\t\t\t\t\t\t\t<p><span style=\"font-family: georgia, palatino, serif;color: #800000;font-size: 14pt\"><strong>Selma Daku | 13.02.2025 | nyje.al<\/strong><\/span><\/p><div><p style=\"text-align: justify\"><span style=\"font-weight: 400;font-family: georgia, palatino, serif;font-size: 14pt\">Pas arrestimit t\u00eb kryetarit t\u00eb bashkis\u00eb Tiran\u00eb, Erion Veliaj, p\u00ebr korrupsion dhe pastrim parash, gjendja politike n\u00eb Shqip\u00ebri \u00ebsht\u00eb tensionuar ndjesh\u00ebm. Subjektet e partive t\u00eb reja kan\u00eb reaguar me protesta, duke k\u00ebrkuar dor\u00ebheqjen e kryeministri Edi Rama, t\u00eb cilin e konsiderojn\u00eb p\u00ebrgjegj\u00ebsin kryesor p\u00ebr situat\u00ebn e krijuar dhe p\u00ebr transformimin e qeveris\u00eb n\u00eb nj\u00eb sistem t\u00eb mbushur me krim dhe korrupsion.<\/span><\/p><p style=\"text-align: justify\"><span style=\"font-weight: 400;font-family: georgia, palatino, serif;font-size: 14pt\">Protesta e radh\u00ebs u organizua nga &#8220;L\u00ebvizja Bashk\u00eb&#8221;, e cila mbajti nj\u00eb manifestim ku aktivist\u00ebt dhe mb\u00ebshtet\u00ebsit e saj k\u00ebrkuan me z\u00eb t\u00eb lart\u00eb largimin e Edi Ram\u00ebs nga posti i kryeministrit. Ata artikuluan shqet\u00ebsimet e tyre, duke theksuar se vendi i tij \u00ebsht\u00eb n\u00eb burg p\u00ebr veprat e tij kriminale dhe p\u00ebr nivelin e lart\u00eb t\u00eb korrupsionit q\u00eb ka prekur institucione n\u00eb vend.<\/span><\/p><\/div>\t\t\t\t\t\t\t\t<\/div>\n\t\t\t\t<\/div>\n\t\t\t\t<div class=\"elementor-element elementor-element-0946d4d gallery-spacing-custom elementor-widget elementor-widget-image-gallery\" data-id=\"0946d4d\" data-element_type=\"widget\" data-e-type=\"widget\" data-widget_type=\"image-gallery.default\">\n\t\t\t\t<div class=\"elementor-widget-container\">\n\t\t\t\t\t\t\t<div class=\"elementor-image-gallery\">\n\t\t\t<div id='gallery-1' class='gallery galleryid-27717 gallery-columns-4 gallery-size-full'><figure class='gallery-item'>\n\t\t\t<div class='gallery-icon landscape'>\n\t\t\t\t<a data-elementor-open-lightbox=\"yes\" data-elementor-lightbox-slideshow=\"0946d4d\" data-elementor-lightbox-title=\"477172377_653025937276073_4548222852513845040_n\" data-e-action-hash=\"#elementor-action%3Aaction%3Dlightbox%26settings%3DeyJpZCI6Mjc3MjAsInVybCI6Imh0dHBzOlwvXC9ueWplLmFsXC93cC1jb250ZW50XC91cGxvYWRzXC8yMDI1XC8wMlwvNDc3MTcyMzc3XzY1MzAyNTkzNzI3NjA3M180NTQ4MjIyODUyNTEzODQ1MDQwX24uanBnIiwic2xpZGVzaG93IjoiMDk0NmQ0ZCJ9\" href='https:\/\/nyje.al\/wp-content\/uploads\/2025\/02\/477172377_653025937276073_4548222852513845040_n.jpg'><img fetchpriority=\"high\" decoding=\"async\" width=\"1600\" height=\"1200\" src=\"https:\/\/nyje.al\/wp-content\/uploads\/2025\/02\/477172377_653025937276073_4548222852513845040_n.jpg\" class=\"attachment-full size-full\" alt=\"\" srcset=\"https:\/\/nyje.al\/wp-content\/uploads\/2025\/02\/477172377_653025937276073_4548222852513845040_n.jpg 1600w, https:\/\/nyje.al\/wp-content\/uploads\/2025\/02\/477172377_653025937276073_4548222852513845040_n-768x576.jpg 768w, https:\/\/nyje.al\/wp-content\/uploads\/2025\/02\/477172377_653025937276073_4548222852513845040_n-1536x1152.jpg 1536w, https:\/\/nyje.al\/wp-content\/uploads\/2025\/02\/477172377_653025937276073_4548222852513845040_n-16x12.jpg 16w, https:\/\/nyje.al\/wp-content\/uploads\/2025\/02\/477172377_653025937276073_4548222852513845040_n-1320x990.jpg 1320w\" sizes=\"(max-width: 1600px) 100vw, 1600px\" \/><\/a>\n\t\t\t<\/div><\/figure><figure class='gallery-item'>\n\t\t\t<div class='gallery-icon landscape'>\n\t\t\t\t<a data-elementor-open-lightbox=\"yes\" data-elementor-lightbox-slideshow=\"0946d4d\" data-elementor-lightbox-title=\"476922808_653025820609418_5166602398357117294_n\" data-e-action-hash=\"#elementor-action%3Aaction%3Dlightbox%26settings%3DeyJpZCI6Mjc3MTksInVybCI6Imh0dHBzOlwvXC9ueWplLmFsXC93cC1jb250ZW50XC91cGxvYWRzXC8yMDI1XC8wMlwvNDc2OTIyODA4XzY1MzAyNTgyMDYwOTQxOF81MTY2NjAyMzk4MzU3MTE3Mjk0X24uanBnIiwic2xpZGVzaG93IjoiMDk0NmQ0ZCJ9\" href='https:\/\/nyje.al\/wp-content\/uploads\/2025\/02\/476922808_653025820609418_5166602398357117294_n.jpg'><img decoding=\"async\" width=\"1600\" height=\"1200\" src=\"https:\/\/nyje.al\/wp-content\/uploads\/2025\/02\/476922808_653025820609418_5166602398357117294_n.jpg\" class=\"attachment-full size-full\" alt=\"\" srcset=\"https:\/\/nyje.al\/wp-content\/uploads\/2025\/02\/476922808_653025820609418_5166602398357117294_n.jpg 1600w, https:\/\/nyje.al\/wp-content\/uploads\/2025\/02\/476922808_653025820609418_5166602398357117294_n-768x576.jpg 768w, https:\/\/nyje.al\/wp-content\/uploads\/2025\/02\/476922808_653025820609418_5166602398357117294_n-1536x1152.jpg 1536w, https:\/\/nyje.al\/wp-content\/uploads\/2025\/02\/476922808_653025820609418_5166602398357117294_n-16x12.jpg 16w, https:\/\/nyje.al\/wp-content\/uploads\/2025\/02\/476922808_653025820609418_5166602398357117294_n-1320x990.jpg 1320w\" sizes=\"(max-width: 1600px) 100vw, 1600px\" \/><\/a>\n\t\t\t<\/div><\/figure><figure class='gallery-item'>\n\t\t\t<div class='gallery-icon landscape'>\n\t\t\t\t<a data-elementor-open-lightbox=\"yes\" data-elementor-lightbox-slideshow=\"0946d4d\" data-elementor-lightbox-title=\"478728003_653025913942742_5904392050976833058_n\" data-e-action-hash=\"#elementor-action%3Aaction%3Dlightbox%26settings%3DeyJpZCI6Mjc3MjEsInVybCI6Imh0dHBzOlwvXC9ueWplLmFsXC93cC1jb250ZW50XC91cGxvYWRzXC8yMDI1XC8wMlwvNDc4NzI4MDAzXzY1MzAyNTkxMzk0Mjc0Ml81OTA0MzkyMDUwOTc2ODMzMDU4X24uanBnIiwic2xpZGVzaG93IjoiMDk0NmQ0ZCJ9\" href='https:\/\/nyje.al\/wp-content\/uploads\/2025\/02\/478728003_653025913942742_5904392050976833058_n.jpg'><img decoding=\"async\" width=\"1600\" height=\"1200\" src=\"https:\/\/nyje.al\/wp-content\/uploads\/2025\/02\/478728003_653025913942742_5904392050976833058_n.jpg\" class=\"attachment-full size-full\" alt=\"\" srcset=\"https:\/\/nyje.al\/wp-content\/uploads\/2025\/02\/478728003_653025913942742_5904392050976833058_n.jpg 1600w, https:\/\/nyje.al\/wp-content\/uploads\/2025\/02\/478728003_653025913942742_5904392050976833058_n-768x576.jpg 768w, https:\/\/nyje.al\/wp-content\/uploads\/2025\/02\/478728003_653025913942742_5904392050976833058_n-1536x1152.jpg 1536w, https:\/\/nyje.al\/wp-content\/uploads\/2025\/02\/478728003_653025913942742_5904392050976833058_n-16x12.jpg 16w, https:\/\/nyje.al\/wp-content\/uploads\/2025\/02\/478728003_653025913942742_5904392050976833058_n-1320x990.jpg 1320w\" sizes=\"(max-width: 1600px) 100vw, 1600px\" \/><\/a>\n\t\t\t<\/div><\/figure><figure class='gallery-item'>\n\t\t\t<div class='gallery-icon landscape'>\n\t\t\t\t<a data-elementor-open-lightbox=\"yes\" data-elementor-lightbox-slideshow=\"0946d4d\" data-elementor-lightbox-title=\"477914023_653025830609417_2993701050708108321_n\" data-e-action-hash=\"#elementor-action%3Aaction%3Dlightbox%26settings%3DeyJpZCI6Mjc3MTgsInVybCI6Imh0dHBzOlwvXC9ueWplLmFsXC93cC1jb250ZW50XC91cGxvYWRzXC8yMDI1XC8wMlwvNDc3OTE0MDIzXzY1MzAyNTgzMDYwOTQxN18yOTkzNzAxMDUwNzA4MTA4MzIxX24uanBnIiwic2xpZGVzaG93IjoiMDk0NmQ0ZCJ9\" href='https:\/\/nyje.al\/wp-content\/uploads\/2025\/02\/477914023_653025830609417_2993701050708108321_n.jpg'><img loading=\"lazy\" decoding=\"async\" width=\"1600\" height=\"1200\" src=\"https:\/\/nyje.al\/wp-content\/uploads\/2025\/02\/477914023_653025830609417_2993701050708108321_n.jpg\" class=\"attachment-full size-full\" alt=\"\" srcset=\"https:\/\/nyje.al\/wp-content\/uploads\/2025\/02\/477914023_653025830609417_2993701050708108321_n.jpg 1600w, https:\/\/nyje.al\/wp-content\/uploads\/2025\/02\/477914023_653025830609417_2993701050708108321_n-768x576.jpg 768w, https:\/\/nyje.al\/wp-content\/uploads\/2025\/02\/477914023_653025830609417_2993701050708108321_n-1536x1152.jpg 1536w, https:\/\/nyje.al\/wp-content\/uploads\/2025\/02\/477914023_653025830609417_2993701050708108321_n-16x12.jpg 16w, https:\/\/nyje.al\/wp-content\/uploads\/2025\/02\/477914023_653025830609417_2993701050708108321_n-1320x990.jpg 1320w\" sizes=\"(max-width: 1600px) 100vw, 1600px\" \/><\/a>\n\t\t\t<\/div><\/figure>\n\t\t<\/div>\n\t\t<\/div>\n\t\t\t\t\t\t<\/div>\n\t\t\t\t<\/div>\n\t\t\t\t<div class=\"elementor-element elementor-element-9b21e14 elementor-widget elementor-widget-text-editor\" data-id=\"9b21e14\" data-element_type=\"widget\" data-e-type=\"widget\" data-widget_type=\"text-editor.default\">\n\t\t\t\t<div class=\"elementor-widget-container\">\n\t\t\t\t\t\t\t\t\t<p style=\"text-align: justify\"><span style=\"font-weight: 400;font-family: georgia, palatino, serif;font-size: 14pt\">P\u00ebrfaq\u00ebsuesja e \u201cL\u00ebvizjes Bashk\u00eb\u201d n\u00eb K\u00ebshillin Bashkiak Tiran\u00eb, Mirela Ruko u shpreh se Erion Veliaj nuk \u00ebsht\u00eb nj\u00eb rast p\u00ebrjashtimor n\u00eb Partin\u00eb Socialiste, por \u00ebsht\u00eb prova e gjendjes aktuale t\u00eb sistemit. P\u00ebr t\u00eb, rrug\u00ebtimi i Veliajt ka marr\u00eb fund por kjo nuk mjafton, duke k\u00ebrkuar dor\u00ebheqjen e Edi Ram\u00ebs.\u00a0<\/span><\/p><blockquote><p style=\"text-align: justify\"><span style=\"font-weight: 400;font-family: georgia, palatino, serif;font-size: 14pt\">\u201cErion Veliaj nuk \u00ebsht\u00eb nj\u00eb rast i izoluar. Erion Veliaj \u00ebsht\u00eb d\u00ebshmia e gjall\u00eb se ky sistem \u00ebsht\u00eb i kalbur deri n\u00eb palc\u00eb dhe arkitekti i k\u00ebtij sistemi ka vet\u00ebm nj\u00eb em\u00ebr. Ai \u00ebsht\u00eb Edi Rama. Sonte nuk k\u00ebrkojm\u00eb vet\u00ebm shkarkimin e Erion Veliajt si kryetar i bashkis\u00eb s\u00eb Tiran\u00ebs se ajo tashm\u00eb ka marr\u00eb fund, por ne k\u00ebrkojm\u00eb q\u00eb ky q\u00eb ka zaptuar godin\u00ebn k\u00ebtu mbrapa, t\u00eb japi dor\u00ebheqjen.\u201d<\/span><\/p><\/blockquote><p style=\"text-align: justify\"><span style=\"font-weight: 400;font-family: georgia, palatino, serif;font-size: 14pt\">Gresimela Sula, aktiviste e \u201cL\u00ebvizja Bashk\u00eb\u201d, kishte vendosur t\u00eb lexonte letr\u00ebn e adoleshentes e cila u vetvra pak dit\u00eb m\u00eb par\u00eb si pasoj\u00eb e bullizimit nga bashk\u00ebmoshatar\u00ebt e saj n\u00eb nj\u00eb gjimnaz n\u00eb Gjirokast\u00ebr, p\u00ebr shkak t\u00eb gjendjes s\u00eb saj jo t\u00eb mir\u00eb ekonomike. Sula e lidhi k\u00ebt\u00eb situat\u00eb duke b\u00ebr\u00eb krahasimin e shumave t\u00eb larta p\u00ebr t\u00eb cilat Erion Veliaj me bashk\u00ebshorten e tij jan\u00eb n\u00ebn hetim dhe mij\u00ebra t\u00eb rinjve t\u00eb cil\u00ebt vuajn\u00eb varf\u00ebrin\u00eb dhe d\u00ebshp\u00ebrimin p\u00ebr t&#8217;ia dal\u00eb.<\/span><\/p><blockquote><p style=\"text-align: justify\"><span style=\"font-weight: 400;font-family: georgia, palatino, serif;font-size: 14pt\">\u201cKjo pra ishte letra e Irs\u00ebs, p\u00ebr t\u00eb cil\u00ebn un\u00eb nuk dua t\u00eb mbaj nj\u00eb minut\u00eb heshtje, por dua t\u00eb mos hesht. N\u00eb republik\u00ebn e 800 mij\u00eb dollar\u00ebve, rrobave dhe bizhuve, t\u00eb rinjt\u00eb jan\u00eb t\u00eb papun\u00eb, t\u00eb varf\u00ebr dhe t\u00eb d\u00ebshp\u00ebruar dhe askush nuk ua qan hallin si Edi Rama Erion Veliajt\u201d<\/span><\/p><\/blockquote><p style=\"text-align: justify\"><span style=\"font-weight: 400;font-family: georgia, palatino, serif;font-size: 14pt\">Kryetari i \u201cL\u00ebvizja Bashk\u00eb\u201d, Arlind Qori, nuk ka k\u00ebrkuar vet\u00ebm dor\u00ebheqjen e kryeministrit por edhe burgimin e tij, p\u00ebr arsyje t\u00eb cilat sipas tij jan\u00eb t\u00eb shumta. N\u00eb disa prej tyre ai ka p\u00ebrmendur ligjin p\u00ebr investitor\u00ebt strategjik\u00eb, lejet e nd\u00ebrtimit n\u00eb kryeqytet dhe zona bregdetare, si dhe vendimet n\u00eb sh\u00ebndet\u00ebsi.<\/span><\/p><blockquote><p style=\"text-align: justify\"><span style=\"font-weight: 400;font-family: georgia, palatino, serif;font-size: 14pt\">\u201cEdi Rama duhet t\u00eb jet\u00eb n\u00eb burg p\u00ebr ligjin e investitor\u00ebve strategjik\u00eb, q\u00eb nuk la para tonat pa iu dh\u00ebn\u00eb oligark\u00ebve si Samir Mane, Shefqet Kastrati, Ram Geci e me rradh\u00eb. Edi Rama duhet t\u00eb jet\u00eb n\u00eb burg p\u00ebr t\u00eb gjitha lejet e nd\u00ebrtimit t\u00eb kullave si kryetar i KKT, n\u00eb Tiran\u00eb dhe n\u00eb bregdet. Edi Rama duhet t\u00eb jet\u00eb n\u00eb burg sot, p\u00ebr kon\u00e7esione kriminale n\u00eb sh\u00ebndet\u00ebsi.\u201d<\/span><\/p><\/blockquote><p style=\"text-align: justify\"><span style=\"font-weight: 400;font-family: georgia, palatino, serif;font-size: 14pt\">Nj\u00eb tjet\u00ebr aktivist i k\u00ebsaj partie, Oltion Fociro, u ndal te shqet\u00ebsimi i kryeministrit p\u00ebr djalin e kryebashkiakut, duke i kujtuar disa nga rastet e shum\u00eb f\u00ebmij\u00ebve t\u00eb cil\u00ebt kan\u00eb humbur prind\u00ebrit apo sht\u00ebpit\u00eb p\u00ebr shkak t\u00eb politikave t\u00eb ashpra ndaj tyre. Ai i drejtohet Edi Ram\u00ebs duke e pyetur se pse asnj\u00ebher\u00eb nuk \u00ebsht\u00eb shqet\u00ebsuar p\u00ebr k\u00ebta f\u00ebmij\u00eb.<\/span><\/p><blockquote><p style=\"text-align: justify\"><span style=\"font-weight: 400;font-family: georgia, palatino, serif;font-size: 14pt\">\u201cEdi Rama na u shqet\u00ebsua fort p\u00ebr f\u00ebmij\u00ebn e Erion Veliajt se s\u2019kishte kush e \u00e7onte n\u00eb shkoll\u00eb. Tani dua t\u2019i b\u00ebj nj\u00eb pyetje Edi Ram\u00ebs. [&#8230;] Po p\u00ebr f\u00ebmij\u00ebt e atyre q\u00eb t\u2019i arrestove pse kishin vjedhur 10 mij\u00eb lek\u00eb korent, t\u00eb cil\u00ebt vran\u00eb veten n\u00eb burg, kush u shqet\u00ebsua? Pse nuk the gjys\u00ebm fjale? Po p\u00ebr ata f\u00ebmij\u00eb t\u00eb cil\u00ebt n\u00eb 5 t\u00eb m\u00ebngjesit i nxore nga shpia me gaz lotsjell\u00ebs, pse nuk fole nj\u00eb fjal\u00eb, por vet\u00ebm i dhunove. \u201c<\/span><\/p><\/blockquote><p style=\"text-align: justify\"><span style=\"font-weight: 400;font-family: georgia, palatino, serif;font-size: 14pt\">Aktivist\u00ebt p\u00ebrdor\u00ebn pjes\u00ebn ballore t\u00eb kryeministris\u00eb si ekran, n\u00eb t\u00eb cilin gjat\u00eb gjith\u00eb koh\u00ebs s\u00eb protest\u00ebs projektoheshin 3 slogane t\u00eb ndryshme q\u00eb komunikonin me gjuh\u00eb vizuale dor\u00ebheqjen e Ram\u00ebs me thirrjet \u201cShko te shok\u00ebt\u201d dhe \u201cFuck you\u201d si shenj\u00eb irritimi ndaj sjelljes s\u00eb tij dhe si ironi ndaj p\u00ebrdorimit q\u00eb vet\u00eb kryeministri b\u00ebri me k\u00ebt\u00eb sharje publikisht n\u00eb rrjetin e tij social n\u00eb video-live pas arrestimit t\u00eb Veliajt.\u00a0<\/span><\/p><p style=\"text-align: justify\"><span style=\"font-weight: 400;font-family: georgia, palatino, serif;font-size: 14pt\">Arrestimi i kryetarit t\u00eb bashkis\u00eb ka sh\u00ebrbyer si nj\u00eb shtys\u00eb p\u00ebr mobilizimin e qytetar\u00ebve dhe\u00a0 protestave t\u00eb opozit\u00ebs, teksa sot priten organizime nga subjekte t\u00eb tjera politike n\u00eb mb\u00ebshtetje t\u00eb SPAK si shprehi kund\u00ebr intimidimit dhe k\u00ebrc\u00ebnimeve t\u00eb Edi Ram\u00ebs ndaj pushtetit gjyq\u00ebsor.\u00a0<\/span><\/p>\t\t\t\t\t\t\t\t<\/div>\n\t\t\t\t<\/div>\n\t\t\t\t\t<\/div>\n\t\t\t\t<\/div>\n\t\t\t\t<\/div>\n\t\t","protected":false},"excerpt":{"rendered":"<p>Pas arrestimit t\u00eb kryetarit t\u00eb bashkis\u00eb Tiran\u00eb, Erion Veliaj, p\u00ebr korrupsion dhe pastrim parash, gjendja politike n\u00eb Shqip\u00ebri \u00ebsht\u00eb tensionuar ndjesh\u00ebm. Subjektet e partive t\u00eb reja kan\u00eb reaguar me protesta, duke k\u00ebrkuar dor\u00ebheqjen e kryeministri Edi Rama, t\u00eb cilin e konsiderojn\u00eb p\u00ebrgjegj\u00ebsin kryesor p\u00ebr situat\u00ebn e krijuar dhe p\u00ebr transformimin e qeveris\u00eb n\u00eb nj\u00eb sistem t\u00eb mbushur me krim dhe korrupsion&#8230;<\/p>","protected":false},"author":2,"featured_media":27720,"comment_status":"open","ping_status":"closed","sticky":false,"template":"","format":"standard","meta":{"episode_type":"","audio_file":"","podmotor_file_id":"","podmotor_episode_id":"","cover_image":"","cover_image_id":"","duration":"","filesize":"","filesize_raw":"","date_recorded":"","explicit":"","block":"","ocean_post_layout":"right-sidebar","ocean_both_sidebars_style":"","ocean_both_sidebars_content_width":0,"ocean_both_sidebars_sidebars_width":0,"ocean_sidebar":"ocs-kryenyje-front-category-post-sidebar","ocean_second_sidebar":"0","ocean_disable_margins":"enable","ocean_add_body_class":"","ocean_shortcode_before_top_bar":"","ocean_shortcode_after_top_bar":"","ocean_shortcode_before_header":"","ocean_shortcode_after_header":"","ocean_has_shortcode":"","ocean_shortcode_after_title":"","ocean_shortcode_before_footer_widgets":"","ocean_shortcode_after_footer_widgets":"","ocean_shortcode_before_footer_bottom":"","ocean_shortcode_after_footer_bottom":"","ocean_display_top_bar":"default","ocean_display_header":"default","ocean_header_style":"","ocean_center_header_left_menu":"0","ocean_custom_header_template":"0","ocean_custom_logo":0,"ocean_custom_retina_logo":0,"ocean_custom_logo_max_width":0,"ocean_custom_logo_tablet_max_width":0,"ocean_custom_logo_mobile_max_width":0,"ocean_custom_logo_max_height":0,"ocean_custom_logo_tablet_max_height":0,"ocean_custom_logo_mobile_max_height":0,"ocean_header_custom_menu":"0","ocean_menu_typo_font_family":"0","ocean_menu_typo_font_subset":"","ocean_menu_typo_font_size":0,"ocean_menu_typo_font_size_tablet":0,"ocean_menu_typo_font_size_mobile":0,"ocean_menu_typo_font_size_unit":"px","ocean_menu_typo_font_weight":"","ocean_menu_typo_font_weight_tablet":"","ocean_menu_typo_font_weight_mobile":"","ocean_menu_typo_transform":"","ocean_menu_typo_transform_tablet":"","ocean_menu_typo_transform_mobile":"","ocean_menu_typo_line_height":0,"ocean_menu_typo_line_height_tablet":0,"ocean_menu_typo_line_height_mobile":0,"ocean_menu_typo_line_height_unit":"","ocean_menu_typo_spacing":0,"ocean_menu_typo_spacing_tablet":0,"ocean_menu_typo_spacing_mobile":0,"ocean_menu_typo_spacing_unit":"","ocean_menu_link_color":"","ocean_menu_link_color_hover":"","ocean_menu_link_color_active":"","ocean_menu_link_background":"","ocean_menu_link_hover_background":"","ocean_menu_link_active_background":"","ocean_menu_social_links_bg":"","ocean_menu_social_hover_links_bg":"","ocean_menu_social_links_color":"","ocean_menu_social_hover_links_color":"","ocean_disable_title":"default","ocean_disable_heading":"default","ocean_post_title":"","ocean_post_subheading":"","ocean_post_title_style":"","ocean_post_title_background_color":"","ocean_post_title_background":0,"ocean_post_title_bg_image_position":"","ocean_post_title_bg_image_attachment":"","ocean_post_title_bg_image_repeat":"","ocean_post_title_bg_image_size":"","ocean_post_title_height":0,"ocean_post_title_bg_overlay":0.5,"ocean_post_title_bg_overlay_color":"","ocean_disable_breadcrumbs":"default","ocean_breadcrumbs_color":"","ocean_breadcrumbs_separator_color":"","ocean_breadcrumbs_links_color":"","ocean_breadcrumbs_links_hover_color":"","ocean_display_footer_widgets":"default","ocean_display_footer_bottom":"default","ocean_custom_footer_template":"0","ocean_post_oembed":"","ocean_post_self_hosted_media":"","ocean_post_video_embed":"","ocean_link_format":"","ocean_link_format_target":"self","ocean_quote_format":"","ocean_quote_format_link":"post","ocean_gallery_link_images":"on","ocean_gallery_id":[],"footnotes":""},"categories":[4],"tags":[992,951,681,87,649,991,255,994],"class_list":["post-27717","post","type-post","status-publish","format-standard","has-post-thumbnail","hentry","category-kryenyje","tag-arrestimi-i-orion-veliaj","tag-doreheqje","tag-edi-rama","tag-erion-veliaj","tag-levizja-bashke","tag-partite-e-reja","tag-proteste","tag-shko-te-shoket","entry","has-media"],"_links":{"self":[{"href":"https:\/\/nyje.al\/sq\/wp-json\/wp\/v2\/posts\/27717","targetHints":{"allow":["GET"]}}],"collection":[{"href":"https:\/\/nyje.al\/sq\/wp-json\/wp\/v2\/posts"}],"about":[{"href":"https:\/\/nyje.al\/sq\/wp-json\/wp\/v2\/types\/post"}],"author":[{"embeddable":true,"href":"https:\/\/nyje.al\/sq\/wp-json\/wp\/v2\/users\/2"}],"replies":[{"embeddable":true,"href":"https:\/\/nyje.al\/sq\/wp-json\/wp\/v2\/comments?post=27717"}],"version-history":[{"count":4,"href":"https:\/\/nyje.al\/sq\/wp-json\/wp\/v2\/posts\/27717\/revisions"}],"predecessor-version":[{"id":27725,"href":"https:\/\/nyje.al\/sq\/wp-json\/wp\/v2\/posts\/27717\/revisions\/27725"}],"wp:featuredmedia":[{"embeddable":true,"href":"https:\/\/nyje.al\/sq\/wp-json\/wp\/v2\/media\/27720"}],"wp:attachment":[{"href":"https:\/\/nyje.al\/sq\/wp-json\/wp\/v2\/media?parent=27717"}],"wp:term":[{"taxonomy":"category","embeddable":true,"href":"https:\/\/nyje.al\/sq\/wp-json\/wp\/v2\/categories?post=27717"},{"taxonomy":"post_tag","embeddable":true,"href":"https:\/\/nyje.al\/sq\/wp-json\/wp\/v2\/tags?post=27717"}],"curies":[{"name":"wp","href":"https:\/\/api.w.org\/{rel}","templated":true}]}}