{"id":27555,"date":"2025-02-01T18:15:07","date_gmt":"2025-02-01T17:15:07","guid":{"rendered":"https:\/\/nyje.al\/?p=27555"},"modified":"2025-02-05T14:09:09","modified_gmt":"2025-02-05T13:09:09","slug":"ku-eshte-ukshin-hoti-me-tezen-e-tij","status":"publish","type":"post","link":"https:\/\/nyje.al\/sq\/ku-eshte-ukshin-hoti-me-tezen-e-tij\/","title":{"rendered":"Ku \u00ebsht\u00eb Ukshin Hoti me tez\u00ebn e tij"},"content":{"rendered":"<div data-elementor-type=\"wp-post\" data-elementor-id=\"27555\" class=\"elementor elementor-27555\">\n\t\t\t\t<div class=\"elementor-element elementor-element-a8aa13f e-flex e-con-boxed wpr-particle-no wpr-jarallax-no wpr-parallax-no wpr-sticky-section-no wpr-equal-height-no e-con e-parent\" data-id=\"a8aa13f\" data-element_type=\"container\" data-e-type=\"container\">\n\t\t\t\t\t<div class=\"e-con-inner\">\n\t\t\t\t<div class=\"elementor-element elementor-element-be62045 elementor-widget elementor-widget-text-editor\" data-id=\"be62045\" data-element_type=\"widget\" data-e-type=\"widget\" data-widget_type=\"text-editor.default\">\n\t\t\t\t<div class=\"elementor-widget-container\">\n\t\t\t\t\t\t\t\t\t<p><span style=\"color: #800000\"><b>Genc Shehu | 31.01.2025 | nyje.al\u00a0<\/b><\/span><\/p>\t\t\t\t\t\t\t\t<\/div>\n\t\t\t\t<\/div>\n\t\t\t\t<div class=\"elementor-element elementor-element-e2f40a0 elementor-widget elementor-widget-text-editor\" data-id=\"e2f40a0\" data-element_type=\"widget\" data-e-type=\"widget\" data-widget_type=\"text-editor.default\">\n\t\t\t\t<div class=\"elementor-widget-container\">\n\t\t\t\t\t\t\t\t\t<p><i><span style=\"font-weight: 400\">N\u00eb vend t\u00eb hyrjes<\/span><\/i><\/p><p style=\"text-align: justify\"><span style=\"font-weight: 400;font-family: georgia, palatino, serif;font-size: 14pt\">P\u00ebrse me tez\u00ebn e Ukshin Hotit sot, pik\u00ebrisht sot? Do mund t\u00eb p\u00ebrmendeshin shum\u00eb mir\u00eb nj\u00eb s\u00ebr\u00eb arsyesh. Por nuk dua t\u00eb p\u00ebrmend e t\u00eb merrem as me zhvillimet politike globale; as me \u201ckoh\u00ebt interesante\u201d n\u00eb kuptimin e shprehjes q\u00eb mendohet se \u00ebsht\u00eb kineze; as me risit\u00eb e rizgjedhjes s\u00eb D. J. Trump si president i ShBA-s\u00eb \u2013 e me heqjet e fondeve ndaj ministrive e SPAK-ut; as me implikimet sa i p\u00ebrket BE-s\u00eb sidomos n\u00eb aspektin e siguris\u00eb ushtarake e tjet\u00ebrsoj; as me zhvillimet gjeopolitike rajonale, p\u00ebrfshi k\u00ebtu protestat n\u00eb Serbi kund\u00ebr korrupsionit dhe Vu\u00e7i\u00e7it; as me faktin q\u00eb ka zgjedhje t\u00eb p\u00ebrgjithshme parlamentare n\u00eb t\u00eb dyja republikat shqiptare s\u00eb af\u00ebrmi; as me faktin q\u00eb prospekti i integrimit n\u00eb BE \u00ebsht\u00eb pik\u00eb ky\u00e7e e strategjis\u00eb s\u00eb partis\u00eb mbizot\u00ebruese n\u00eb Shqip\u00ebri \u2013 me iden\u00eb q\u00eb mund\u00ebsisht deri n\u00eb 2028-n, pra muaj p\u00ebrpara zgjedhjeve t\u00eb radh\u00ebs t\u00eb rregullta t\u00eb 2029-s, n\u00eb t\u00eb cilat pritet t\u00eb rifitoj\u00eb po ajo Parti Socialiste.<\/span><\/p><p style=\"text-align: justify\"><span style=\"font-weight: 400;font-family: georgia, palatino, serif;font-size: 14pt\">Ajo q\u00eb do doja t\u00eb vija n\u00eb pah p\u00ebrpara fillimit t\u00eb artikulimit t\u00eb analiz\u00ebs vijuese \u00ebsht\u00eb thjesht t\u00eb rikujtoja se sot \u00ebsht\u00eb p\u00ebrvjetori i mbylljes s\u00eb punimeve t\u00eb Kongresit t\u00eb Lushnj\u00ebs (28-31 janar 1920). Kongresi i Lushnj\u00ebs\u00a0 p\u00ebr q\u00ebllim kishte kund\u00ebrshtimin e cop\u00ebtimit t\u00eb Shqip\u00ebris\u00eb nga Fuqit\u00eb e M\u00ebdha dhe t\u00eb krijonte nj\u00eb qeveri t\u00eb re komb\u00ebtare pasiq\u00eb ajo e Durr\u00ebsit qe e dob\u00ebt dhe me ndikim nga italian\u00ebt. Dometh\u00ebnia dhe vendimet kryesore t\u00eb saj p\u00ebrfshinin: a) Riforcimi i pavar\u00ebsis\u00eb dhe pandashm\u00ebris\u00eb s\u00eb Shqip\u00ebris\u00eb duke hedhur posht\u00eb vendimet e Konferenc\u00ebs s\u00eb Paqes n\u00eb Paris t\u00eb 1919-s, e cila rrezikonte ta shp\u00ebrb\u00ebnte Shqip\u00ebrin\u00eb e ta ndante n\u00ebp\u00ebr fqinj\u00ebt e saj; b) Krijimi i nj\u00eb qeverie t\u00eb re komb\u00ebtare me n\u00eb krye Sulejman Delvin\u00ebn dhe kryetar t\u00eb K\u00ebshillit Komb\u00ebtar Aqif Pash\u00eb Elbasanin; c) Shp\u00ebrngulja e kryeqytetit n\u00eb Tiran\u00eb; d) Rezistenca ndaj Italis\u00eb ku u d\u00ebnua pushtimi italian duke k\u00ebrkuar k\u00ebsisoj largimin e tyre, \u00e7ka shpuri n\u00eb Luft\u00ebn e Vlor\u00ebs (1920).<\/span><\/p><p style=\"text-align: justify\"><span style=\"font-weight: 400;font-family: georgia, palatino, serif;font-size: 14pt\">Si rezultat i Kongresit t\u00eb Lushnj\u00ebs, Shqip\u00ebria shp\u00ebtoi nga ndarja dhe u fuqizua pavar\u00ebsia e saj me nj\u00eb qeveri q\u00eb doli nga vullneti komb\u00ebtar e jo nga nd\u00ebrhyrjet e huaja. Me k\u00ebt\u00eb rikujtes\u00eb n\u00eb k\u00ebt\u00eb dat\u00eb simbolike, ftoj pyet\u00ebsimin dhe artikulimin vijues:<\/span><\/p><p><strong><span style=\"color: #800000;font-size: 14pt\">Ku \u00ebsht\u00eb Ukshin Hoti me tez\u00ebn e tij?<\/span><\/strong><\/p>\t\t\t\t\t\t\t\t<\/div>\n\t\t\t\t<\/div>\n\t\t\t\t<div class=\"elementor-element elementor-element-292d63d elementor-widget elementor-widget-text-editor\" data-id=\"292d63d\" data-element_type=\"widget\" data-e-type=\"widget\" data-widget_type=\"text-editor.default\">\n\t\t\t\t<div class=\"elementor-widget-container\">\n\t\t\t\t\t\t\t\t\t<p style=\"text-align: justify\"><span style=\"font-family: georgia, palatino, serif;font-size: 14pt;color: #ffffff\"><i><span style=\"font-weight: 400\">Consequently, the conflict can only be an oscillation between preserving and sacrificing; or rather thre can be neither a sacrifice of what is one\u2019s own nor a violation of what is alien. Virtue is not merely like the combatant who, in the conflict, is only concerned with keeping his sword bright, but it has even started the fight in order to preserve the weapons. And not only can it not use its own weapons, it must also preserve intact those of the enemy and protect them against its own attack, for all are noble parts of the good, on behalf of which it went into battle.\u00a0<\/span><\/i><\/span><\/p><p style=\"text-align: justify\"><span style=\"font-family: georgia, palatino, serif;font-size: 14pt;color: #ffffff\"><i><span style=\"font-weight: 400\">(Prandaj, konflikti mund t\u00eb jet\u00eb vet\u00ebm nj\u00eb l\u00ebkundje midis ruajtjes dhe sakrifikimit; ose m\u00eb sakt\u00eb, nuk mund t\u00eb ket\u00eb as nj\u00eb sakrifikim t\u00eb asaj q\u00eb \u00ebsht\u00eb e vetja, as nj\u00eb cenim t\u00eb asaj q\u00eb \u00ebsht\u00eb e huaj. Virtyti nuk \u00ebsht\u00eb thjesht si luft\u00ebtari q\u00eb, n\u00eb konflikt, kujdeset vet\u00ebm t\u00eb mbaj\u00eb shpat\u00ebn e tij t\u00eb ndritshme, por ai madje e ka nisur betej\u00ebn p\u00ebr t\u00eb ruajtur arm\u00ebt. Dhe jo vet\u00ebm q\u00eb nuk mund t\u00eb p\u00ebrdor\u00eb arm\u00ebt e veta, por duhet gjithashtu t\u00eb ruaj\u00eb t\u00eb paprekura ato t\u00eb armikut dhe t\u2019i mbroj\u00eb ato nga sulmi i vet, sepse t\u00eb gjitha jan\u00eb pjes\u00eb fisnike t\u00eb s\u00eb mir\u00ebs, p\u00ebr hir t\u00eb s\u00eb cil\u00ebs hyri n\u00eb betej\u00eb.)\u00a0<\/span><\/i><\/span><\/p><p style=\"text-align: right\"><span style=\"font-weight: 400;font-family: georgia, palatino, serif;font-size: 14pt;color: #ffffff\">\u2013 Hegel<\/span><\/p>\t\t\t\t\t\t\t\t<\/div>\n\t\t\t\t<\/div>\n\t\t\t\t<div class=\"elementor-element elementor-element-3a19b4b elementor-widget elementor-widget-text-editor\" data-id=\"3a19b4b\" data-element_type=\"widget\" data-e-type=\"widget\" data-widget_type=\"text-editor.default\">\n\t\t\t\t<div class=\"elementor-widget-container\">\n\t\t\t\t\t\t\t\t\t<p style=\"text-align: justify\"><span style=\"font-weight: 400;font-family: georgia, palatino, serif;font-size: 14pt\">Bashkimi komb\u00ebtar dhe \u201czgjidhja e \u00e7\u00ebshtjes shqiptare\u201d p\u00ebr Ukshin Hotin nuk \u00ebsht\u00eb \u00e7\u00ebshtje thjesht sentimentale, por strategjike, ekonomike dhe zhvillimore. Th\u00ebn\u00eb shkurt, p\u00ebr Ukshinin, vet\u00eb stabiliteti arkitektonik i Bashkimit Europian \u00ebsht\u00eb n\u00eb loj\u00eb dhe rrezikohet n\u00eb themel n\u00ebse nuk zgjidhet \u00e7\u00ebshtja shqiptare paraprakisht e p\u00ebrfundon q\u00eb shtetet shqiptare t\u00eb integrohen n\u00eb BE si t\u00eb ndara. Th\u00ebn\u00eb ndryshe, BE-ja nuk mund t\u00eb arrij\u00eb nj\u00eb stabilitet t\u00eb plot\u00eb dhe t\u00eb q\u00ebndruesh\u00ebm pa e zgjidhur \u00e7\u00ebshtjen shqiptare, sepse \u00e7do tentativ\u00eb p\u00ebr t\u00eb nd\u00ebrtuar nj\u00eb rend t\u00eb q\u00ebndruesh\u00ebm mbi nj\u00eb situat\u00eb t\u00eb pazgjidhur krijon nj\u00eb stabilitet ve\u00e7se t\u00eb p\u00ebrkohsh\u00ebm dhe artificial.\u00a0<\/span><\/p><p style=\"text-align: justify\"><span style=\"font-weight: 400;font-family: georgia, palatino, serif;font-size: 14pt\">Nga ana tjet\u00ebr, strategjia \u201cnj\u00ebher\u00eb integrim n\u00eb BE, pastaj hapat p\u00ebr bashkim komb\u00ebtar\u201d \u00ebsht\u00eb e rrezikshme sepse k\u00ebshtu Shqip\u00ebria do t\u00eb p\u00ebrballet me pengesa juridike, politike e diplomatike duke e b\u00ebr\u00eb thuajse t\u00eb pamundur bashkimin me Kosov\u00ebn. K\u00ebto do mund t\u00eb p\u00ebrmblidheshin si vijon. S\u00eb pari, \u00ebsht\u00eb parimi i paprekshm\u00ebris\u00eb s\u00eb kufijve brenda BE-s\u00eb; s\u00eb dyti, \u00ebsht\u00eb rreziku i vetos nga shtetet an\u00ebtare t\u00eb BE-s\u00eb, sidomos n\u00eb kushtet ku ka ende vende an\u00ebtare t\u00eb BE-s\u00eb q\u00eb nuk e njohin Kosov\u00ebn si Republik\u00eb t\u00eb pavarur; s\u00eb treti, duke u b\u00ebr\u00eb an\u00ebtare e BE-s\u00eb, Shqip\u00ebria detyrohet t\u00eb jet\u00eb n\u00eb harmoni me kushtetut\u00ebn dhe ligjet e BE-s\u00eb dhe humbet k\u00ebsisoj sovranitetin mbi politik\u00ebn e jashtme dhe kufijt\u00eb, si dhe pamund\u00ebsohet nj\u00eb bashkim i thjesht\u00eb kushtetues me Kosov\u00ebn; dhe s\u00eb kat\u00ebrti, edhe marr\u00ebdh\u00ebniet ekonomike, doganore, tregtare e politike do t\u00eb ndryshojn\u00eb duke e b\u00ebr\u00eb Kosov\u00ebn si nj\u00eb pal\u00eb t\u00eb tret\u00eb t\u00eb huaj, p\u00ebr shkak t\u00eb rregulloreve t\u00eb tregut t\u00eb p\u00ebrbashk\u00ebt europian.<\/span><\/p><p style=\"text-align: justify\"><span style=\"font-weight: 400;font-family: georgia, palatino, serif;font-size: 14pt\">N\u00eb k\u00ebt\u00eb kuptim, historia \u00ebsht\u00eb \u00e7\u00ebshtje e t\u00eb ardhmes \u2013 ose m\u00eb mir\u00eb, e ardhm\u00ebris\u00eb. Historia, n\u00ebse nuk regjet n\u00eb l\u00ebmin\u00eb e historiografis\u00eb, \u00ebsht\u00eb ngusht\u00ebsisht e lidhur me mund\u00ebsin\u00eb e t\u00eb ardhmes: A \u00ebsht\u00eb e ardhmja e mundur? A ka, a mbart ngjarje bot\u00ebformuese ende p\u00ebr t\u00eb ndodhur \u2013 apo \u00ebsht\u00eb e ardhmja thjesht nj\u00eb \u00e7\u00ebshtje e vijimit pa penges\u00eb e ndryshim e t\u00eb shkuar\u00ebs?<\/span><\/p><p style=\"text-align: justify\"><span style=\"font-weight: 400;font-family: georgia, palatino, serif;font-size: 14pt\">Dhe kjo, mund\u00ebsia bot\u00ebformuese, \u00ebsht\u00eb esencialisht kolektive \u2013 pra, shenjues i faktit q\u00eb, duam s\u2019duam, \u00ebsht\u00eb nj\u00eb fat kolektiv ai q\u00eb \u00ebsht\u00eb n\u00eb loj\u00eb e n\u00eb mundim. Sepse fatin e kemi kolektiv sakaq dhe s\u2019ka si t\u00eb jet\u00eb ndryshe.<\/span><\/p><p style=\"text-align: justify\"><span style=\"font-weight: 400;font-family: georgia, palatino, serif;font-size: 14pt\">Dhe fati \u2013 kjo drejt\u00ebsi e pam\u00ebshirshme e historis\u00eb \u2013 nuk \u00ebsht\u00eb thjesht indiferent ndaj veprimit aktual t\u00eb gjithsecilit, t\u00eb pakt\u00ebn n\u00eb parim. Gj\u00ebza \u2013 si me orakullin e Delfit \u2013 \u00ebsht\u00eb e atill\u00eb q\u00eb e zgjidh vet\u00eb por n\u00eb k\u00ebt\u00eb zgjidhje q\u00eb i japim duhet me pas\u00eb kujdes, sepse pik\u00ebrisht n\u00eb var\u00ebsi t\u00eb si e zgjidh at\u00eb do t\u00eb jet\u00eb shtruar e p\u00ebrcaktuar fati-udh\u00eb, udha n\u00eb t\u00eb cil\u00ebn shtrohen ndeshtrashat e vuajtjeve t\u00eb pasionit q\u00eb do p\u00ebsojm\u00eb n\u00eb jet\u00eb.<\/span><\/p><p style=\"text-align: justify\"><span style=\"font-weight: 400;font-family: georgia, palatino, serif;font-size: 14pt\">N\u00eb kushtet e deritashme do t\u00eb mund ta ngushtonim analiz\u00ebn n\u00eb individualitetet e Republikave t\u00eb Shqip\u00ebris\u00eb dhe Kosov\u00ebs \u2013 duke l\u00ebn\u00eb k\u00ebshtu jasht\u00eb Shqip\u00ebrin\u00eb e Maqedonis\u00eb s\u00eb Veriut, at\u00eb t\u00eb lugin\u00ebs s\u00eb Preshev\u00ebs, \u00e7\u00ebshtjen \u00e7ame dhe cop\u00ebzat e Malit t\u00eb Zi.<\/span><\/p><p style=\"text-align: justify\"><span style=\"font-weight: 400;font-family: georgia, palatino, serif;font-size: 14pt\">Kosova \u00ebsht\u00eb n\u00eb pozit\u00ebn e kusht\u00ebzuar nga Kushtetuta e Republik\u00ebs s\u00eb saj q\u00eb ia ndalon t\u00eb drejt\u00ebn e referendumit, i cili do t\u00eb ishte i nevojsh\u00ebm p\u00ebr t\u00eb nd\u00ebrmarr\u00eb hapat e shprehjes s\u00eb vullnetit kolektiv p\u00ebr bashkim me Republik\u00ebn e Shqip\u00ebris\u00eb. N\u00eb m\u00ebnyr\u00eb q\u00eb t\u00eb modifikohet Kushtetuta e saj, nevojiten 2\/3-t e votave n\u00eb Kuvend, por asisoj q\u00eb t\u00eb jen\u00eb 2\/3-t e 100 deputet\u00ebve shqiptar\u00eb si dhe 2\/3-t e 20 deputet\u00ebve t\u00eb alokuar p\u00ebr minorancat. Minorancat jan\u00eb nga ana e tyre t\u00eb ndara n\u00eb 10 p\u00ebr pakicat jo-serbe (dhe sigurisht jo-shqiptare) dhe 10 p\u00ebr at\u00eb serbe.<\/span><\/p><p style=\"text-align: justify\"><span style=\"font-weight: 400;font-family: georgia, palatino, serif;font-size: 14pt\">Meq\u00eb Lista Serbe \u00ebsht\u00eb subjekti i vet\u00ebm partiak i p\u00ebrfaq\u00ebsuar serb dhe fiton 10 nga 10 deputet\u00ebt e dedikuar p\u00ebr pakic\u00ebn serbe n\u00eb Kuvendin e Republik\u00ebs s\u00eb Kosov\u00ebs, kjo do t\u00eb thot\u00eb se \u2013 n\u00eb m\u00ebnyr\u00eb q\u00eb t\u00eb nd\u00ebrmerren hapa konkret\u00eb e dometh\u00ebn\u00ebs q\u00eb hapin mund\u00ebsin\u00eb e rrug\u00ebtimit p\u00ebr bashkim me Shqip\u00ebrin\u00eb \u2013 duhet t\u00eb ndodh\u00eb nj\u00eb pluraliz\u00ebm partiak brenda politik\u00ebs serbe n\u00eb Kosov\u00eb.<\/span><\/p><p style=\"text-align: justify\"><span style=\"font-weight: 400;font-family: georgia, palatino, serif;font-size: 14pt\">Vet\u00ebm duke ndodhur nj\u00eb pluraliz\u00ebm partiak e demokratik brenda komunitet serb n\u00eb Kosov\u00eb do t\u00eb mund t\u00eb b\u00ebheshin hapat formal\u00eb e zyrtar\u00eb p\u00ebr t\u00eb modifikuar n\u00eb m\u00ebnyr\u00eb t\u00eb rregullt Kushtetut\u00ebn e Republik\u00ebs s\u00eb Kosov\u00ebs \u2013 e asisoj t\u00eb hapej ligj\u00ebrisht kuadri legjitim i referendumit e p\u00ebr pasoj\u00eb edhe mund\u00ebsit\u00eb q\u00eb rrjedhin prej tij.<\/span><\/p><p style=\"text-align: justify\"><span style=\"font-weight: 400;font-family: georgia, palatino, serif;font-size: 14pt\">Mir\u00ebpo, q\u00eb t\u00eb bashkohet nj\u00eb shtet i pavarur me nj\u00eb tjet\u00ebr, duhet akordim e dakord\u00ebsi nga t\u00eb dy shtetet e pal\u00ebt. Pa nj\u00eb organizim t\u00eb vullnetit popullor edhe nga ana e Republik\u00ebs s\u00eb Shqip\u00ebris\u00eb, nuk do mund t\u00eb ndodh\u00eb bashkimi me Kosov\u00ebn, edhe n\u00ebse do t\u00eb tejkaloheshin pengesat formale e legale nga ana e Republik\u00ebs s\u00eb Kosov\u00ebs.<\/span><\/p><p style=\"text-align: justify\"><span style=\"font-weight: 400;font-family: georgia, palatino, serif;font-size: 14pt\">N\u00eb k\u00ebt\u00eb pik\u00eb na shfaqet e b\u00ebhet i duksh\u00ebm problem-penges\u00eb q\u00eb \u00ebsht\u00eb n\u00eb fakt i dyfisht\u00eb, nga ana e Republik\u00ebs s\u00eb Shqip\u00ebris\u00eb. Nga nj\u00ebra an\u00eb, duket se nuk ka subjekt partiak e politik n\u00eb Shqip\u00ebri q\u00eb t\u00eb ket\u00eb n\u00eb rendin e p\u00ebrpar\u00ebsive t\u00eb veta shtyrjen p\u00ebrpara t\u00eb k\u00ebsaj \u00e7\u00ebshtje t\u00eb bashkimit me Kosov\u00ebn. Nga ana tjet\u00ebr, duket se, n\u00eb linjat mbizot\u00ebruese politike n\u00eb Shqip\u00ebri, t\u00eb gjitha k\u00ebto linja jan\u00eb p\u00ebr integrimin n\u00eb Bashkimin Europian \u2013 dhe k\u00ebt\u00eb n\u00eb kushte t\u00eb mos-shprehjes s\u00eb theksuar t\u00eb vullnetit p\u00ebr bashkim me Kosov\u00ebn.<\/span><\/p><p style=\"text-align: justify\"><span style=\"font-family: georgia, palatino, serif;font-size: 14pt\"><span style=\"font-weight: 400\">Nuk b\u00ebhet fjal\u00eb k\u00ebtu p\u00ebr kund\u00ebrshtim t\u00eb integrimit dhe kryerjes s\u00eb hapave p\u00ebrmbush\u00ebs s\u00eb kapitujve drejt dhe p\u00ebr integrim n\u00eb BE: b\u00ebhet fjal\u00eb p\u00ebr renditjen, si strategjike ashtu edhe praktike t\u00eb prioriteteve. <\/span><i><span style=\"font-weight: 400\">Bashkim me Kosov\u00ebn, pastaj n\u00eb BE<\/span><\/i><span style=\"font-weight: 400\">. Futja n\u00eb Bashkimin Europian nuk e z\u00ebvend\u00ebson bashkimin komb\u00ebtar, e as anasjelltas: bashkimi komb\u00ebtar nuk e z\u00ebvend\u00ebson (e as mohon e eliminon) iden\u00eb e Bashkimit Europian, e as nuk kund\u00ebrshton nevoj\u00ebn ekzistenciale p\u00ebr projektin e Bashkimit Europian.<\/span><\/span><\/p><p style=\"text-align: justify\"><span style=\"font-family: georgia, palatino, serif;font-size: 14pt\"><span style=\"font-weight: 400\">Mir\u00ebpo, integrimi i Republik\u00ebs s\u00eb Shqip\u00ebris\u00eb n\u00eb BE p\u00ebrpara se t\u00eb arrihet bashkimi me Kosov\u00ebn do t\u00eb thot\u00eb q\u00eb, n\u00eb mos t\u00eb b\u00ebhet e pamundur, t\u00eb v\u00ebshtir\u00ebsohet tej mase, jasht\u00ebzakonisht shum\u00eb, <\/span><i><span style=\"font-weight: 400\">mund\u00ebsia<\/span><\/i><span style=\"font-weight: 400\"> formale e bashkimit me Kosov\u00ebn, e lene mo mund\u00ebsin\u00eb reale dhe bashkimin faktik.<\/span><\/span><\/p><p style=\"text-align: justify\"><span style=\"font-weight: 400;font-family: georgia, palatino, serif;font-size: 14pt\">N\u00eb var\u00ebsi t\u00eb m\u00ebnyr\u00ebs si zgjedhim t\u00eb rendisim hapat e zgjidhjes s\u00eb gj\u00ebz\u00ebs s\u00eb bashkimit komb\u00ebtar, do t\u00eb na jet\u00eb shtruar e p\u00ebrcaktuar udha e pasionit ton\u00eb q\u00eb kemi vet\u00eb p\u00ebr t\u00eb p\u00ebsuar, jetuar e p\u00ebrjetuar.<\/span><\/p><p style=\"text-align: justify\"><span style=\"font-weight: 400;font-family: georgia, palatino, serif;font-size: 14pt\">Nga analiza e m\u00ebsip\u00ebrme, del qart\u00eb se \u00e7\u00ebshtja e bashkimit komb\u00ebtar nuk \u00ebsht\u00eb thjesht nj\u00eb aspirat\u00eb historike apo emocionale, por nj\u00eb \u00e7\u00ebshtje thell\u00ebsisht politike, kushtetuese dhe strategjike, e cila ndikon drejtp\u00ebrdrejt n\u00eb t\u00eb ardhmen e shqiptar\u00ebve dhe stabilitetin rajonal.<\/span><\/p><p style=\"text-align: justify\"><span style=\"font-weight: 400;font-family: georgia, palatino, serif;font-size: 14pt\">P\u00ebr t\u00eb shmangur bllokimin e saj n\u00eb nj\u00eb cik\u00ebl t\u00eb pafund pritjeje \u00ebsht\u00eb e nevojshme t\u00eb kuptohen dhe t\u00eb adresohen pengesat kryesore:<\/span><\/p><p style=\"padding-left: 80px;text-align: justify\"><span style=\"font-family: georgia, palatino, serif;font-size: 14pt\"><i><span style=\"font-weight: 400\">1. Ndryshimet kushtetuese n\u00eb Kosov\u00eb<\/span><\/i><span style=\"font-weight: 400\"> \u2013 Pa krijimin e nj\u00eb pluralizmi politik brenda komunitetit serb dhe pa nj\u00eb marr\u00ebveshje m\u00eb t\u00eb gjer\u00eb me faktor\u00ebt nd\u00ebrkomb\u00ebtar\u00eb, \u00e7do p\u00ebrpjekje p\u00ebr t\u00eb avancuar ndryshimet kushtetuese do t\u00eb mbetet peng e nj\u00eb situate t\u00eb ngrir\u00eb.<\/span><\/span><\/p><p style=\"padding-left: 80px;text-align: justify\"><span style=\"font-weight: 400;font-family: georgia, palatino, serif;font-size: 14pt\">2. Angazhimi politik n\u00eb Shqip\u00ebri \u2013 Deri m\u00eb tani, asnj\u00eb forc\u00eb politike n\u00eb Shqip\u00ebri nuk e ka v\u00ebn\u00eb bashkimin komb\u00ebtar n\u00eb prioritetin e saj strategjik. Kjo duhet t\u00eb ndryshoj\u00eb p\u00ebrmes nj\u00eb konsensusi politik mbi r\u00ebnd\u00ebsin\u00eb e integrimit komb\u00ebtar p\u00ebrpara integrimit europian.<\/span><\/p><p style=\"padding-left: 80px;text-align: justify\"><span style=\"font-weight: 400;font-family: georgia, palatino, serif;font-size: 14pt\">3. Koordinimi me procesin e integrimit n\u00eb BE \u2013 Strategjia \u201cs\u00eb pari integrimi n\u00eb BE, pastaj bashkimi komb\u00ebtar\u201d \u00ebsht\u00eb e rrezikshme, pasi an\u00ebtar\u00ebsimi i Shqip\u00ebris\u00eb n\u00eb BE mund t\u00eb mbyll\u00eb rrug\u00ebn p\u00ebr nj\u00eb bashkim t\u00eb ligjsh\u00ebm me Kosov\u00ebn. Prandaj, \u00ebsht\u00eb e nevojshme t\u00eb ndjekim nj\u00eb qasje t\u00eb p\u00ebrbashk\u00ebt dhe t\u00eb sinkronizuar p\u00ebr t\u00eb dyja shtetet.<\/span><\/p><p style=\"padding-left: 80px;text-align: justify\"><span style=\"font-weight: 400;font-family: georgia, palatino, serif;font-size: 14pt\">4. Mobilizimi i vullnetit popullor \u2013 Pa nj\u00eb shprehje t\u00eb qart\u00eb t\u00eb vullnetit t\u00eb qytetar\u00ebve p\u00ebr bashkim, \u00e7do p\u00ebrpjekje politike do t\u00eb mbetet formale dhe e paq\u00ebndrueshme. Organizimi i referendumit n\u00eb t\u00eb dyja shtetet, si dhe p\u00ebrfshirja e diaspor\u00ebs, \u00ebsht\u00eb nj\u00eb hap i domosdosh\u00ebm p\u00ebr t\u00eb legjitimuar k\u00ebt\u00eb proces.<\/span><\/p><p style=\"text-align: justify\">\u00a0<\/p>\t\t\t\t\t\t\t\t<\/div>\n\t\t\t\t<\/div>\n\t\t\t\t\t<\/div>\n\t\t\t\t<\/div>\n\t\t\t\t<\/div>","protected":false},"excerpt":{"rendered":"<p>P\u00ebrse me tez\u00ebn e Ukshin Hotit sot, pik\u00ebrisht sot? Do mund t\u00eb p\u00ebrmendeshin shum\u00eb mir\u00eb nj\u00eb s\u00ebr\u00eb arsyesh. Por nuk dua t\u00eb p\u00ebrmend e t\u00eb merrem as me zhvillimet politike globale; as me \u201ckoh\u00ebt interesante\u201d n\u00eb kuptimin e shprehjes q\u00eb mendohet se \u00ebsht\u00eb kineze; as me risit\u00eb e rizgjedhjes s\u00eb D. J. Trump si president i ShBA-s\u00eb \u2013 e me heqjet e fondeve ndaj ministrive e SPAK-ut; as me implikimet sa i p\u00ebrket BE-s\u00eb sidomos n\u00eb aspektin e siguris\u00eb ushtarake e tjet\u00ebrsoj; as me zhvillimet gjeopolitike rajonale, p\u00ebrfshi k\u00ebtu protestat n\u00eb Serbi kund\u00ebr korrupsionit dhe Vu\u00e7i\u00e7it; as me faktin q\u00eb ka zgjedhje t\u00eb p\u00ebrgjithshme parlamentare n\u00eb t\u00eb dyja republikat shqiptare s\u00eb af\u00ebrmi; as me faktin q\u00eb prospekti i integrimit n\u00eb BE \u00ebsht\u00eb pik\u00eb ky\u00e7e e strategjis\u00eb s\u00eb partis\u00eb mbizot\u00ebruese n\u00eb Shqip\u00ebri \u2013 me iden\u00eb q\u00eb mund\u00ebsisht deri n\u00eb 2028-n, pra muaj p\u00ebrpara zgjedhjeve t\u00eb radh\u00ebs t\u00eb rregullta t\u00eb 2029-s, n\u00eb t\u00eb cilat pritet t\u00eb rifitoj\u00eb po ajo Parti Socialiste&#8230;<\/p>","protected":false},"author":2,"featured_media":27692,"comment_status":"open","ping_status":"closed","sticky":false,"template":"elementor_theme","format":"standard","meta":{"episode_type":"","audio_file":"","podmotor_file_id":"","podmotor_episode_id":"","cover_image":"","cover_image_id":"","duration":"","filesize":"","filesize_raw":"","date_recorded":"","explicit":"","block":"","ocean_post_layout":"full-width","ocean_both_sidebars_style":"","ocean_both_sidebars_content_width":0,"ocean_both_sidebars_sidebars_width":0,"ocean_sidebar":"0","ocean_second_sidebar":"0","ocean_disable_margins":"enable","ocean_add_body_class":"","ocean_shortcode_before_top_bar":"","ocean_shortcode_after_top_bar":"","ocean_shortcode_before_header":"","ocean_shortcode_after_header":"","ocean_has_shortcode":"","ocean_shortcode_after_title":"","ocean_shortcode_before_footer_widgets":"","ocean_shortcode_after_footer_widgets":"","ocean_shortcode_before_footer_bottom":"","ocean_shortcode_after_footer_bottom":"","ocean_display_top_bar":"default","ocean_display_header":"default","ocean_header_style":"","ocean_center_header_left_menu":"0","ocean_custom_header_template":"0","ocean_custom_logo":0,"ocean_custom_retina_logo":0,"ocean_custom_logo_max_width":0,"ocean_custom_logo_tablet_max_width":0,"ocean_custom_logo_mobile_max_width":0,"ocean_custom_logo_max_height":0,"ocean_custom_logo_tablet_max_height":0,"ocean_custom_logo_mobile_max_height":0,"ocean_header_custom_menu":"0","ocean_menu_typo_font_family":"0","ocean_menu_typo_font_subset":"","ocean_menu_typo_font_size":0,"ocean_menu_typo_font_size_tablet":0,"ocean_menu_typo_font_size_mobile":0,"ocean_menu_typo_font_size_unit":"px","ocean_menu_typo_font_weight":"","ocean_menu_typo_font_weight_tablet":"","ocean_menu_typo_font_weight_mobile":"","ocean_menu_typo_transform":"","ocean_menu_typo_transform_tablet":"","ocean_menu_typo_transform_mobile":"","ocean_menu_typo_line_height":0,"ocean_menu_typo_line_height_tablet":0,"ocean_menu_typo_line_height_mobile":0,"ocean_menu_typo_line_height_unit":"","ocean_menu_typo_spacing":0,"ocean_menu_typo_spacing_tablet":0,"ocean_menu_typo_spacing_mobile":0,"ocean_menu_typo_spacing_unit":"","ocean_menu_link_color":"","ocean_menu_link_color_hover":"","ocean_menu_link_color_active":"","ocean_menu_link_background":"","ocean_menu_link_hover_background":"","ocean_menu_link_active_background":"","ocean_menu_social_links_bg":"","ocean_menu_social_hover_links_bg":"","ocean_menu_social_links_color":"","ocean_menu_social_hover_links_color":"","ocean_disable_title":"default","ocean_disable_heading":"default","ocean_post_title":"","ocean_post_subheading":"","ocean_post_title_style":"","ocean_post_title_background_color":"","ocean_post_title_background":0,"ocean_post_title_bg_image_position":"","ocean_post_title_bg_image_attachment":"","ocean_post_title_bg_image_repeat":"","ocean_post_title_bg_image_size":"","ocean_post_title_height":0,"ocean_post_title_bg_overlay":0.5,"ocean_post_title_bg_overlay_color":"","ocean_disable_breadcrumbs":"default","ocean_breadcrumbs_color":"","ocean_breadcrumbs_separator_color":"","ocean_breadcrumbs_links_color":"","ocean_breadcrumbs_links_hover_color":"","ocean_display_footer_widgets":"default","ocean_display_footer_bottom":"default","ocean_custom_footer_template":"0","ocean_post_oembed":"","ocean_post_self_hosted_media":"","ocean_post_video_embed":"","ocean_link_format":"","ocean_link_format_target":"self","ocean_quote_format":"","ocean_quote_format_link":"post","ocean_gallery_link_images":"on","ocean_gallery_id":[],"footnotes":""},"categories":[3],"tags":[529,143,158,986,988,987],"class_list":["post-27555","post","type-post","status-publish","format-standard","has-post-thumbnail","hentry","category-kendveshtrim","tag-genc-shehu","tag-kendveshtrim","tag-kosova","tag-ku-eshte-ukshin-hoti-me-tezen-e-tij","tag-teza-e-ukshin-hoti","tag-ukshin-hoti","entry","has-media"],"_links":{"self":[{"href":"https:\/\/nyje.al\/sq\/wp-json\/wp\/v2\/posts\/27555","targetHints":{"allow":["GET"]}}],"collection":[{"href":"https:\/\/nyje.al\/sq\/wp-json\/wp\/v2\/posts"}],"about":[{"href":"https:\/\/nyje.al\/sq\/wp-json\/wp\/v2\/types\/post"}],"author":[{"embeddable":true,"href":"https:\/\/nyje.al\/sq\/wp-json\/wp\/v2\/users\/2"}],"replies":[{"embeddable":true,"href":"https:\/\/nyje.al\/sq\/wp-json\/wp\/v2\/comments?post=27555"}],"version-history":[{"count":11,"href":"https:\/\/nyje.al\/sq\/wp-json\/wp\/v2\/posts\/27555\/revisions"}],"predecessor-version":[{"id":27693,"href":"https:\/\/nyje.al\/sq\/wp-json\/wp\/v2\/posts\/27555\/revisions\/27693"}],"wp:featuredmedia":[{"embeddable":true,"href":"https:\/\/nyje.al\/sq\/wp-json\/wp\/v2\/media\/27692"}],"wp:attachment":[{"href":"https:\/\/nyje.al\/sq\/wp-json\/wp\/v2\/media?parent=27555"}],"wp:term":[{"taxonomy":"category","embeddable":true,"href":"https:\/\/nyje.al\/sq\/wp-json\/wp\/v2\/categories?post=27555"},{"taxonomy":"post_tag","embeddable":true,"href":"https:\/\/nyje.al\/sq\/wp-json\/wp\/v2\/tags?post=27555"}],"curies":[{"name":"wp","href":"https:\/\/api.w.org\/{rel}","templated":true}]}}