{"id":25660,"date":"2024-09-13T20:14:11","date_gmt":"2024-09-13T18:14:11","guid":{"rendered":"https:\/\/nyje.al\/?p=25660"},"modified":"2024-09-13T20:23:19","modified_gmt":"2024-09-13T18:23:19","slug":"rama-pret-presidentin-izraelit-herzog-aktivistet-refuzojme-gjenocidin-nuk-mbeshtesim-veprimet-e-qeverise","status":"publish","type":"post","link":"https:\/\/nyje.al\/sq\/rama-pret-presidentin-izraelit-herzog-aktivistet-refuzojme-gjenocidin-nuk-mbeshtesim-veprimet-e-qeverise\/","title":{"rendered":"Rama pret presidentin izraelit Herzog, aktivist\u00ebt: Refuzojm\u00eb gjenocidin, nuk mb\u00ebshtesim veprimet e qeveris\u00eb"},"content":{"rendered":"<div data-elementor-type=\"wp-post\" data-elementor-id=\"25660\" class=\"elementor elementor-25660\">\n\t\t\t\t<div class=\"elementor-element elementor-element-946df22 e-flex e-con-boxed wpr-particle-no wpr-jarallax-no wpr-parallax-no wpr-sticky-section-no wpr-equal-height-no e-con e-parent\" data-id=\"946df22\" data-element_type=\"container\" data-e-type=\"container\">\n\t\t\t\t\t<div class=\"e-con-inner\">\n\t\t\t\t<div class=\"elementor-element elementor-element-ce46b4e elementor-widget elementor-widget-text-editor\" data-id=\"ce46b4e\" data-element_type=\"widget\" data-e-type=\"widget\" data-widget_type=\"text-editor.default\">\n\t\t\t\t<div class=\"elementor-widget-container\">\n\t\t\t\t\t\t\t\t\t<p style=\"text-align: justify\"><strong><span style=\"font-family: georgia, palatino, serif;font-size: 14pt;color: #800000\">nyje.al | 13.09.2024<\/span><\/strong><\/p><p style=\"text-align: justify\"><span style=\"font-family: georgia, palatino, serif;font-size: 14pt\"><span style=\"font-weight: 400\">\u201cHerzog mund t\u00eb duket si figura politike e moderuar e Izraelit dhe zionizmit por ai nuk \u00ebsht\u00eb m\u00eb pak kriminel lufte racist se Netanyahu. Ai \u00ebsht\u00eb kreu i shtetit t\u00eb Izraelit, nj\u00eb shteti q\u00eb Amnesty International e akuzon si ushtrues t\u00eb aparteidit, nj\u00eb krim aq i r\u00ebnd\u00eb sa klasifikohet si krim ndaj njer\u00ebzimit. P\u00ebrpara se t\u00eb b\u00ebhej president, Herzog ka sh\u00ebrbyer si minist\u00ebr n\u00eb disa prej kabineteve qeveritare izraelite dhe brenda vendit si kreu i \u201cAgjencis\u00eb s\u00eb Hebrenjve\u201d, nj\u00eb prej \u201ckrah\u00ebve\u201d kryesor\u00eb t\u00eb \u201cOrganizat\u00ebs Bot\u00ebrore t\u00eb Zionizmit.\u201d K\u00ebsisoj paraqitet jet\u00ebshkrimi i Isaac Herzog, presidentit t\u00eb izraelit, nga autori dhe aktivisti hebre Miko Peled n\u00eb nj\u00eb <\/span><span style=\"text-decoration: underline\"><a href=\"https:\/\/mondoweiss.net\/2023\/07\/israeli-president-isaac-herzog-is-no-less-a-criminal-than-netanyahu\/\"><span style=\"font-weight: 400\">shkrim<\/span><\/a><\/span><span style=\"font-weight: 400\"> t\u00eb publikuar n\u00eb mondoweiss.net.\u00a0\u00a0<\/span><\/span><\/p><p style=\"text-align: justify\"><span style=\"font-family: georgia, palatino, serif;font-size: 14pt\"><span style=\"font-weight: 400\">Herzog u prit dje n\u00eb nj\u00eb takim nga kryeministri Edi Rama, i cili e <\/span><a href=\"https:\/\/www.kryeministria.al\/newsroom\/kryeministri-edi-rama-mikpret-presidentin-e-izraelit-isaac-herzog\/\"><span style=\"text-decoration: underline\"><span style=\"font-weight: 400\">shq<\/span><\/span><\/a><span style=\"font-weight: 400\"><span style=\"text-decoration: underline\">uajti<\/span> presidentin izraelit si \u201c<\/span><i><span style=\"font-weight: 400\">nj\u00eb njeri mjaft i men\u00e7ur, i shquar, nj\u00eb njeri me p\u00ebrvoj\u00eb.\u201d <\/span><\/i><span style=\"font-weight: 400\">\u00a0Rama u shpreh edhe se e njeh her\u00ebt Herzog, q\u00eb kur ai nisi t\u00eb angazhohet politikisht n\u00eb Izrael. Anipse e shkuara dhe e tashmja e Herzog njihet, edhe prej kryeministrit t\u00eb Shqip\u00ebris\u00eb p\u00ebr aq sa vet\u00eb ai thot\u00eb, shteti yn\u00eb nuk nguroi ta ftonte kreun e Izraelit.\u00a0<\/span><\/span><\/p>\t\t\t\t\t\t\t\t<\/div>\n\t\t\t\t<\/div>\n\t\t\t\t<div class=\"elementor-element elementor-element-d0a3692 elementor-widget elementor-widget-image\" data-id=\"d0a3692\" data-element_type=\"widget\" data-e-type=\"widget\" data-widget_type=\"image.default\">\n\t\t\t\t<div class=\"elementor-widget-container\">\n\t\t\t\t\t\t\t\t\t\t\t\t<figure class=\"wp-caption\">\n\t\t\t\t\t\t\t\t\t\t<img fetchpriority=\"high\" decoding=\"async\" width=\"2560\" height=\"1707\" src=\"https:\/\/nyje.al\/wp-content\/uploads\/2024\/09\/Kryeministri-Edi-Rama-mikpret-Presidentin-e-Izraelit-Isaac-Herzog-12.09.2024-Burimi-Kryeministria.jpg\" class=\"attachment-full size-full wp-image-25663\" alt=\"\" srcset=\"https:\/\/nyje.al\/wp-content\/uploads\/2024\/09\/Kryeministri-Edi-Rama-mikpret-Presidentin-e-Izraelit-Isaac-Herzog-12.09.2024-Burimi-Kryeministria.jpg 2560w, https:\/\/nyje.al\/wp-content\/uploads\/2024\/09\/Kryeministri-Edi-Rama-mikpret-Presidentin-e-Izraelit-Isaac-Herzog-12.09.2024-Burimi-Kryeministria-768x512.jpg 768w, https:\/\/nyje.al\/wp-content\/uploads\/2024\/09\/Kryeministri-Edi-Rama-mikpret-Presidentin-e-Izraelit-Isaac-Herzog-12.09.2024-Burimi-Kryeministria-1536x1024.jpg 1536w, https:\/\/nyje.al\/wp-content\/uploads\/2024\/09\/Kryeministri-Edi-Rama-mikpret-Presidentin-e-Izraelit-Isaac-Herzog-12.09.2024-Burimi-Kryeministria-2048x1366.jpg 2048w, https:\/\/nyje.al\/wp-content\/uploads\/2024\/09\/Kryeministri-Edi-Rama-mikpret-Presidentin-e-Izraelit-Isaac-Herzog-12.09.2024-Burimi-Kryeministria-18x12.jpg 18w, https:\/\/nyje.al\/wp-content\/uploads\/2024\/09\/Kryeministri-Edi-Rama-mikpret-Presidentin-e-Izraelit-Isaac-Herzog-12.09.2024-Burimi-Kryeministria-1320x880.jpg 1320w\" sizes=\"(max-width: 2560px) 100vw, 2560px\" \/>\t\t\t\t\t\t\t\t\t\t\t<figcaption class=\"widget-image-caption wp-caption-text\">Kryeministri Edi Rama mikpret Presidentin e Izraelit, Isaac Herzog, 12.09.2024, Burimi: Kryeministria<\/figcaption>\n\t\t\t\t\t\t\t\t\t\t<\/figure>\n\t\t\t\t\t\t\t\t\t<\/div>\n\t\t\t\t<\/div>\n\t\t\t\t<div class=\"elementor-element elementor-element-c304b47 elementor-widget elementor-widget-text-editor\" data-id=\"c304b47\" data-element_type=\"widget\" data-e-type=\"widget\" data-widget_type=\"text-editor.default\">\n\t\t\t\t<div class=\"elementor-widget-container\">\n\t\t\t\t\t\t\t\t\t<p style=\"text-align: justify\"><span style=\"font-weight: 400;font-family: georgia, palatino, serif;font-size: 14pt\">Duk\u00eb p\u00ebrvijuar narrativ\u00ebn q\u00eb vjen nga per\u00ebndimi se si Izraeli ka t\u00eb drejt\u00ebn p\u00ebr t\u2019u mbrojtur, Rama e njohu gjendjen n\u00eb t\u00eb cil\u00ebn gjendet ky shtet si nj\u00eb situat\u00eb shum\u00eb t\u00eb v\u00ebshtir\u00eb dhe ftoi k\u00ebdo q\u00eb t\u00eb vij\u00eb n\u00eb Shqip\u00ebri. Ashtu si\u00e7 ata b\u00ebn\u00eb p\u00ebrgjat\u00eb luft\u00ebs s\u00eb dyt\u00eb bot\u00ebrore.\u00a0<\/span><\/p><p style=\"text-align: justify\"><span style=\"font-family: georgia, palatino, serif;font-size: 14pt\"><i><span style=\"font-weight: 400\">\u201cJemi shum\u00eb krenar\u00eb q\u00eb paraardh\u00ebsit tan\u00eb, qofshin mysliman\u00eb, a t\u00eb krishter\u00eb kap\u00ebrcyen \u00e7do lloj kufizimi dhe paragjykimi fetar apo t\u00eb nj\u00eb lloji tjet\u00ebr dhe mbrojt\u00ebn hebrenjt\u00eb dhe asnj\u00eb hebre nuk iu dor\u00ebzua nazist\u00ebve,\u201d &#8211; <\/span><\/i><span style=\"font-weight: 400\">u shpreh Rama duke harruar q\u00eb n\u00eb krahun e tij t\u00eb djatht\u00eb ai nuk ka nj\u00eb hebre viktim\u00eb t\u00eb nazismit, por nj\u00eb zyrtar zionist q\u00eb deklaroi se \u201cpuna n\u00eb Gaza\u201d nuk ka mbaruar ende.\u00a0<\/span><\/span><\/p><p style=\"text-align: justify\"><span style=\"font-family: georgia, palatino, serif;font-size: 14pt\"><span style=\"font-weight: 400\">Herzog \u00ebsht\u00eb <\/span><span style=\"text-decoration: underline\"><a href=\"https:\/\/www.aljazeera.com\/news\/2024\/1\/19\/criminal-complaints-filed-against-israeli-president-herzog-in-switzerland\"><span style=\"font-weight: 400\">i kall\u00ebzuar si kriminel lufte<\/span><\/a><\/span><span style=\"font-weight: 400\"> n\u00eb Zvic\u00ebr, i cili ulur n\u00eb karrigen e rehatshme t\u00eb presidentit p\u00ebrvijon narrativ\u00ebn zioniste t\u00eb pushtetit izraelit i cili prej m\u00eb shum\u00eb se 11 muajsh p\u00ebrpiqet aktivisht t\u00eb shfaros\u00eb Rripin e Gaz\u00ebs e tashm\u00eb vret dhe shkat\u00ebrron edhe n\u00eb Bregun Per\u00ebndimor.\u00a0<\/span><\/span><\/p><p style=\"text-align: justify\"><span style=\"font-weight: 400;font-family: georgia, palatino, serif;font-size: 14pt\">Ftes\u00ebn dhe vizit\u00ebn e presidentit izraelit e d\u00ebnuan aktivist\u00ebt e z\u00ebsh\u00ebm n\u00eb \u00e7\u00ebshtjen p\u00ebr liri t\u00eb Palestin\u00ebs. Teksa Herzog linte Serbin\u00eb p\u00ebr t\u00eb udh\u00ebtuar drejt Shqip\u00ebris\u00eb, aktivist\u00ebt u mblodh\u00ebn n\u00eb sheshin \u201cN\u00ebn\u00eb Tereza\u201d pasditen e s\u00eb m\u00ebrkur\u00ebs dhe shpalos\u00ebn nj\u00eb banderol\u00eb p\u00ebrmes s\u00eb cil\u00ebs i b\u00ebnin thirrje popujve t\u00eb vendit ton\u00eb dhe Serbis\u00eb p\u00ebr reagim kund\u00ebr gjenocidit q\u00eb po kryhet mbi popullin palestinez.\u00a0<\/span><\/p><p style=\"text-align: justify\"><span style=\"font-weight: 400;font-family: georgia, palatino, serif;font-size: 14pt\">Mesazhi ishte i p\u00ebrbashk\u00ebt p\u00ebr shkak se edhe vizita u krye n\u00eb t\u00eb dyja vendet dhe ishte bashk\u00ebrenduar nj\u00eb reagim q\u00eb tentoi t\u00eb b\u00ebnte bashk\u00eb rezistencat n\u00eb t\u00eb dyja vendet.\u00a0<\/span><\/p><p style=\"text-align: justify\"><span style=\"font-family: georgia, palatino, serif;font-size: 14pt\"><span style=\"font-weight: 400\">Por ajo q\u00eb u vu re n\u00eb <\/span><span style=\"text-decoration: underline\"><a href=\"https:\/\/www.instagram.com\/p\/C_29NAuNXv8\/\"><span style=\"font-weight: 400\">q\u00ebndrimet publike<\/span><\/a><\/span><span style=\"font-weight: 400\"> ishte se bashk\u00ebrendimi nuk kishte funksionuar, kjo pasiq\u00eb kolektivi i aktivist\u00ebve serb\u00eb nuk pranonin q\u00eb n\u00eb deklarat\u00eb t\u00eb p\u00ebrfshinin rezistenc\u00ebn e shqiptar\u00ebve t\u00eb Kosov\u00ebs p\u00ebr liri dhe vet\u00ebvendosje.\u00a0<\/span><\/span><\/p>\t\t\t\t\t\t\t\t<\/div>\n\t\t\t\t<\/div>\n\t\t\t\t<div class=\"elementor-element elementor-element-679a641 elementor-widget elementor-widget-image\" data-id=\"679a641\" data-element_type=\"widget\" data-e-type=\"widget\" data-widget_type=\"image.default\">\n\t\t\t\t<div class=\"elementor-widget-container\">\n\t\t\t\t\t\t\t\t\t\t\t\t<figure class=\"wp-caption\">\n\t\t\t\t\t\t\t\t\t\t<img decoding=\"async\" width=\"1065\" height=\"900\" src=\"https:\/\/nyje.al\/wp-content\/uploads\/2024\/09\/Imazhi-i-publikuar-ne-qendrimin-e-kolektivit-Palestina-e-Lire-ne-rrjete-sociale-13.09.2024-Tirane-Burimi-Kolektivi-Palestina-e-Lire.jpg\" class=\"attachment-full size-full wp-image-25664\" alt=\"\" srcset=\"https:\/\/nyje.al\/wp-content\/uploads\/2024\/09\/Imazhi-i-publikuar-ne-qendrimin-e-kolektivit-Palestina-e-Lire-ne-rrjete-sociale-13.09.2024-Tirane-Burimi-Kolektivi-Palestina-e-Lire.jpg 1065w, https:\/\/nyje.al\/wp-content\/uploads\/2024\/09\/Imazhi-i-publikuar-ne-qendrimin-e-kolektivit-Palestina-e-Lire-ne-rrjete-sociale-13.09.2024-Tirane-Burimi-Kolektivi-Palestina-e-Lire-768x649.jpg 768w, https:\/\/nyje.al\/wp-content\/uploads\/2024\/09\/Imazhi-i-publikuar-ne-qendrimin-e-kolektivit-Palestina-e-Lire-ne-rrjete-sociale-13.09.2024-Tirane-Burimi-Kolektivi-Palestina-e-Lire-14x12.jpg 14w\" sizes=\"(max-width: 1065px) 100vw, 1065px\" \/>\t\t\t\t\t\t\t\t\t\t\t<figcaption class=\"widget-image-caption wp-caption-text\">Imazhi i publikuar n\u00eb q\u00ebndrimin n\u00eb rrjete sociale, 13.09.2024, Tiran\u00eb, Burimi: Kolektivi Palestina e Lir\u00eb<\/figcaption>\n\t\t\t\t\t\t\t\t\t\t<\/figure>\n\t\t\t\t\t\t\t\t\t<\/div>\n\t\t\t\t<\/div>\n\t\t\t\t<div class=\"elementor-element elementor-element-c00801e elementor-widget elementor-widget-text-editor\" data-id=\"c00801e\" data-element_type=\"widget\" data-e-type=\"widget\" data-widget_type=\"text-editor.default\">\n\t\t\t\t<div class=\"elementor-widget-container\">\n\t\t\t\t\t\t\t\t\t<blockquote><p style=\"text-align: justify\"><span style=\"font-family: georgia, palatino, serif;font-size: 14pt\"><i><span style=\"font-weight: 400\">Ne, populli i Shqip\u00ebris\u00eb, refuzojm\u00eb \u00e7do p\u00ebrfshirje n\u00eb k\u00ebt\u00eb gjenocid dhe nuk mb\u00ebshtesim veprimet e qeveris\u00eb son\u00eb. Nd\u00ebrsa Izraeli p\u00ebrpiqet t\u00eb mbuloj\u00eb krimet e tij p\u00ebrmes turneve t\u00eb marr\u00ebdh\u00ebnieve me publikun, si vizita e Herzogut, ne, populli i Shqip\u00ebris\u00eb, e shohim t\u00eb v\u00ebrtet\u00ebn. Na vjen turp p\u00ebr bashk\u00ebpunimin e qeveris\u00eb son\u00eb; Gjaku i Palestin\u00ebs \u00ebsht\u00eb edhe n\u00eb duart e tyre!<\/span><\/i><\/span><\/p><p style=\"text-align: justify\"><span style=\"font-family: georgia, palatino, serif;font-size: 14pt\"><i><span style=\"font-weight: 400\">Ne, populli i Shqip\u00ebris\u00eb, q\u00ebndrojm\u00eb me gjith\u00eb zem\u00ebr me popullin e Palestin\u00ebs n\u00eb luft\u00ebn e tij p\u00ebr \u00e7lirim kund\u00ebr pushtimit izraelit dhe gjithashtu p\u00ebr t\u00eb drejt\u00ebn e vet\u00ebvendosjes p\u00ebr t\u00eb gjitha kombet, n\u00eb Palestin\u00eb, n\u00eb Kosov\u00eb dhe n\u00eb mbar\u00eb bot\u00ebn.<\/span><\/i><\/span><\/p><p style=\"text-align: justify\"><span style=\"font-family: georgia, palatino, serif;font-size: 14pt\"><i><span style=\"font-weight: 400\">Ne k\u00ebrkojm\u00eb nj\u00eb Palestin\u00eb t\u00eb lir\u00eb! Nuk do t\u00eb heshtim. Ne do t\u00eb rezistojm\u00eb. Ne do t\u00eb luftojm\u00eb p\u00ebr nj\u00eb Palestin\u00eb t\u00eb lir\u00eb!<\/span><\/i><\/span><\/p><p style=\"text-align: justify\"><span style=\"font-family: georgia, palatino, serif;font-size: 14pt\"><i><span style=\"font-weight: 400\">Nga Shqip\u00ebria n\u00eb Palestin\u00eb: Pa drejt\u00ebsi, s\u2019ka paqe!<\/span><\/i><\/span><\/p><\/blockquote><p style=\"text-align: justify\"><span style=\"font-family: georgia, palatino, serif;font-size: 14pt\"><span style=\"font-weight: 400\">P\u00ebrpara se t\u00eb vinte n\u00eb Shqip\u00ebri, Herzog u prit n\u00eb Serbi nga presidenti Vu\u00e7ic ku p\u00ebrgjat\u00eb takimit, sipas mediave, u fol p\u00ebr nj\u00eb marr\u00ebveshje t\u00eb<\/span><span style=\"text-decoration: underline\"><a href=\"https:\/\/balkaninsight.com\/2024\/09\/11\/serbia-israel-presidents-announce-free-trade-agreement\/\"><span style=\"font-weight: 400\"> tregut t\u00eb lir\u00eb t\u00eb arm\u00ebve<\/span><\/a><\/span><span style=\"font-weight: 400\"> mes shtetit serb dhe Izraelit. Serbia edhe sot \u00ebsht\u00eb nj\u00eb prej vendeve kryesore nga ku Izraeli blen armatim, dhe ku vet\u00ebm p\u00ebrgjat\u00eb k\u00ebtij viti qeveria serbe p\u00ebrllogaritet t\u00eb ket\u00eb p\u00ebrfituar 23 milion\u00eb euro nga tregtia e arm\u00ebve me Izraelin.\u00a0<\/span><\/span><\/p><p style=\"text-align: justify\"><span style=\"font-family: georgia, palatino, serif;font-size: 14pt\"><span style=\"font-weight: 400\">Nd\u00ebrsa vendi yn\u00eb gjendet <\/span><span style=\"text-decoration: underline\"><a href=\"https:\/\/nyje.al\/sq\/70000-ton-nafte-nga-shqiperia-per-avionet-qe-bombardojne-gazan\/\"><span style=\"font-weight: 400\">n\u00eb krye t\u00eb list\u00ebs<\/span><\/a><\/span><span style=\"font-weight: 400\"> s\u00eb vendeve q\u00eb furnizon Izraelin m\u00eb naft\u00eb, 70 mij\u00eb ton\u00eb jan\u00eb nisur nga Shqip\u00ebria q\u00eb prej nisjes s\u00eb sulmeve n\u00eb Gaza.\u00a0<\/span><\/span><\/p>\t\t\t\t\t\t\t\t<\/div>\n\t\t\t\t<\/div>\n\t\t\t\t\t<\/div>\n\t\t\t\t<\/div>\n\t\t\t\t<\/div>","protected":false},"excerpt":{"rendered":"<p>Herzog u prit dje n\u00eb nj\u00eb takim nga kryeministri Edi Rama, i cili e shquajti presidentin izraelit si \u201cnj\u00eb njeri mjaft i men\u00e7ur, i shquar, nj\u00eb njeri me p\u00ebrvoj\u00eb.\u201d  Rama u shpreh edhe se e njeh her\u00ebt Herzog, q\u00eb kur ai nisi t\u00eb angazhohet politikisht n\u00eb Izrael. Anipse e shkuara dhe e tashmja e Herzog njihet, edhe prej kryeministrit t\u00eb Shqip\u00ebris\u00eb p\u00ebr aq sa vet\u00eb ai thot\u00eb, shteti yn\u00eb nuk nguroi ta ftonte kreun e Izraelit&#8230;<\/p>","protected":false},"author":2,"featured_media":25661,"comment_status":"open","ping_status":"closed","sticky":false,"template":"","format":"standard","meta":{"episode_type":"","audio_file":"","podmotor_file_id":"","podmotor_episode_id":"","cover_image":"","cover_image_id":"","duration":"","filesize":"","filesize_raw":"","date_recorded":"","explicit":"","block":"","ocean_post_layout":"right-sidebar","ocean_both_sidebars_style":"","ocean_both_sidebars_content_width":0,"ocean_both_sidebars_sidebars_width":0,"ocean_sidebar":"ocs-kryenyje-front-category-post-sidebar","ocean_second_sidebar":"0","ocean_disable_margins":"enable","ocean_add_body_class":"","ocean_shortcode_before_top_bar":"","ocean_shortcode_after_top_bar":"","ocean_shortcode_before_header":"","ocean_shortcode_after_header":"","ocean_has_shortcode":"","ocean_shortcode_after_title":"","ocean_shortcode_before_footer_widgets":"","ocean_shortcode_after_footer_widgets":"","ocean_shortcode_before_footer_bottom":"","ocean_shortcode_after_footer_bottom":"","ocean_display_top_bar":"default","ocean_display_header":"default","ocean_header_style":"","ocean_center_header_left_menu":"0","ocean_custom_header_template":"0","ocean_custom_logo":0,"ocean_custom_retina_logo":0,"ocean_custom_logo_max_width":0,"ocean_custom_logo_tablet_max_width":0,"ocean_custom_logo_mobile_max_width":0,"ocean_custom_logo_max_height":0,"ocean_custom_logo_tablet_max_height":0,"ocean_custom_logo_mobile_max_height":0,"ocean_header_custom_menu":"0","ocean_menu_typo_font_family":"0","ocean_menu_typo_font_subset":"","ocean_menu_typo_font_size":0,"ocean_menu_typo_font_size_tablet":0,"ocean_menu_typo_font_size_mobile":0,"ocean_menu_typo_font_size_unit":"px","ocean_menu_typo_font_weight":"","ocean_menu_typo_font_weight_tablet":"","ocean_menu_typo_font_weight_mobile":"","ocean_menu_typo_transform":"","ocean_menu_typo_transform_tablet":"","ocean_menu_typo_transform_mobile":"","ocean_menu_typo_line_height":0,"ocean_menu_typo_line_height_tablet":0,"ocean_menu_typo_line_height_mobile":0,"ocean_menu_typo_line_height_unit":"","ocean_menu_typo_spacing":0,"ocean_menu_typo_spacing_tablet":0,"ocean_menu_typo_spacing_mobile":0,"ocean_menu_typo_spacing_unit":"","ocean_menu_link_color":"","ocean_menu_link_color_hover":"","ocean_menu_link_color_active":"","ocean_menu_link_background":"","ocean_menu_link_hover_background":"","ocean_menu_link_active_background":"","ocean_menu_social_links_bg":"","ocean_menu_social_hover_links_bg":"","ocean_menu_social_links_color":"","ocean_menu_social_hover_links_color":"","ocean_disable_title":"default","ocean_disable_heading":"default","ocean_post_title":"","ocean_post_subheading":"","ocean_post_title_style":"","ocean_post_title_background_color":"","ocean_post_title_background":0,"ocean_post_title_bg_image_position":"","ocean_post_title_bg_image_attachment":"","ocean_post_title_bg_image_repeat":"","ocean_post_title_bg_image_size":"","ocean_post_title_height":0,"ocean_post_title_bg_overlay":0.5,"ocean_post_title_bg_overlay_color":"","ocean_disable_breadcrumbs":"default","ocean_breadcrumbs_color":"","ocean_breadcrumbs_separator_color":"","ocean_breadcrumbs_links_color":"","ocean_breadcrumbs_links_hover_color":"","ocean_display_footer_widgets":"default","ocean_display_footer_bottom":"default","ocean_custom_footer_template":"0","ocean_post_oembed":"","ocean_post_self_hosted_media":"","ocean_post_video_embed":"","ocean_link_format":"","ocean_link_format_target":"self","ocean_quote_format":"","ocean_quote_format_link":"post","ocean_gallery_link_images":"on","ocean_gallery_id":[],"footnotes":""},"categories":[4],"tags":[15,866,681,614,678,864,863,865,597],"class_list":["post-25660","post","type-post","status-publish","format-standard","has-post-thumbnail","hentry","category-kryenyje","tag-aktiviste","tag-arme-dhe-nafte","tag-edi-rama","tag-gaza","tag-gjenocid","tag-isaac-herzog","tag-iss","tag-liri-palestines","tag-palestine","entry","has-media"],"_links":{"self":[{"href":"https:\/\/nyje.al\/sq\/wp-json\/wp\/v2\/posts\/25660","targetHints":{"allow":["GET"]}}],"collection":[{"href":"https:\/\/nyje.al\/sq\/wp-json\/wp\/v2\/posts"}],"about":[{"href":"https:\/\/nyje.al\/sq\/wp-json\/wp\/v2\/types\/post"}],"author":[{"embeddable":true,"href":"https:\/\/nyje.al\/sq\/wp-json\/wp\/v2\/users\/2"}],"replies":[{"embeddable":true,"href":"https:\/\/nyje.al\/sq\/wp-json\/wp\/v2\/comments?post=25660"}],"version-history":[{"count":4,"href":"https:\/\/nyje.al\/sq\/wp-json\/wp\/v2\/posts\/25660\/revisions"}],"predecessor-version":[{"id":25667,"href":"https:\/\/nyje.al\/sq\/wp-json\/wp\/v2\/posts\/25660\/revisions\/25667"}],"wp:featuredmedia":[{"embeddable":true,"href":"https:\/\/nyje.al\/sq\/wp-json\/wp\/v2\/media\/25661"}],"wp:attachment":[{"href":"https:\/\/nyje.al\/sq\/wp-json\/wp\/v2\/media?parent=25660"}],"wp:term":[{"taxonomy":"category","embeddable":true,"href":"https:\/\/nyje.al\/sq\/wp-json\/wp\/v2\/categories?post=25660"},{"taxonomy":"post_tag","embeddable":true,"href":"https:\/\/nyje.al\/sq\/wp-json\/wp\/v2\/tags?post=25660"}],"curies":[{"name":"wp","href":"https:\/\/api.w.org\/{rel}","templated":true}]}}