{"id":23618,"date":"2024-07-19T12:09:32","date_gmt":"2024-07-19T10:09:32","guid":{"rendered":"https:\/\/nyje.al\/?p=23618"},"modified":"2024-07-19T12:09:32","modified_gmt":"2024-07-19T10:09:32","slug":"tkurrja-e-kufijve-te-zonave-te-mbrojtura-shtyhet-seanca-per-ne-shtator-aktivistet-e-zall-gjocaj-po-u-jepet-kohe-abuzuesve-te-natyres","status":"publish","type":"post","link":"https:\/\/nyje.al\/sq\/tkurrja-e-kufijve-te-zonave-te-mbrojtura-shtyhet-seanca-per-ne-shtator-aktivistet-e-zall-gjocaj-po-u-jepet-kohe-abuzuesve-te-natyres\/","title":{"rendered":"Tkurrja e kufijve t\u00eb Zonave t\u00eb Mbrojtura, shtyhet seanca p\u00ebr n\u00eb shtator. Aktivist\u00ebt e Zall Gjo\u00e7aj: Po u jepet koh\u00eb abuzuesve t\u00eb natyr\u00ebs"},"content":{"rendered":"<p><span style=\"font-size: 14pt\"><strong><span style=\"color: #800000\">19.07.2024 | nyje.al<\/span><\/strong><\/span><\/p>\n<p style=\"text-align: justify\"><span style=\"font-weight: 400;font-family: georgia, palatino, serif;font-size: 14pt\">Aktivist\u00ebt e Zall-Gjo\u00e7aj ashtu si \u00e7do seanc\u00eb tjet\u00ebr qen\u00eb t\u00eb pranish\u00ebm edhe dje n\u00eb sall\u00ebn e Gjykat\u00ebs Administrative t\u00eb Apelit. Pas nj\u00eb udh\u00ebtimi qindra kilometrik, Abdi To\u00e7i dhe Adem Xhokola mezi prit\u00ebn nisjen e zhvillimit t\u00eb debateve mes pal\u00ebve dhe q\u00ebndrimet e trup\u00ebs gjykuese. T\u00eb paditur nga organizatat mjedisore p\u00ebr shkelje n\u00eb ndryshimin e kufijve t\u00eb hartave t\u00eb zonave t\u00eb mbrojtura, institucionet kishin nisur disa prej p\u00ebrfaq\u00ebsuesve t\u00eb tyre ligjor q\u00eb zun\u00eb vend n\u00eb t\u00eb majt\u00eb t\u00eb sall\u00ebs. Mungonte p\u00ebrfaq\u00ebsuesja e Ministris\u00eb s\u00eb Turizmit dhe Mjedisit, e cila p\u00ebr shkaqe sh\u00ebndet\u00ebsore k\u00ebrkonte shtyrjen e seanc\u00ebs p\u00ebr nj\u00eb moment tjet\u00ebr. Trupa gjykuese e vler\u00ebsoi t\u00eb drejt\u00eb k\u00ebrkes\u00ebn e p\u00ebrfaq\u00ebsueses s\u00eb Ministris\u00eb dhe u vendos q\u00eb punimet e saj t\u00eb shtyhen p\u00ebr dat\u00ebn 25 shtator. Abdiu dhe Ademi lan\u00eb sall\u00ebn e gykat\u00ebs me ndjesin\u00eb q\u00eb e kan\u00eb p\u00ebrjetuar prej pes\u00eb vitesh, at\u00eb t\u00eb zhg\u00ebnjimit nga institucionet.\u00a0<\/span><\/p>\n<blockquote><p><span style=\"font-family: georgia, palatino, serif;font-size: 14pt\"><i><span style=\"font-weight: 400\">\u201cAvokat\u00ebt [e shtetit] s\u2019duan t\u2019ia din\u00eb q\u00eb vijm\u00eb nga atje, b\u00ebjm\u00eb 300 km rrug\u00eb e kur vijm\u00eb k\u00ebtu, shtyhet seanca sot, e shtyhet seanca nes\u00ebr.\u00a0 <\/span><\/i><span style=\"font-weight: 400\">Abdi To\u00e7i<\/span><\/span><\/p><\/blockquote>\n<p style=\"text-align: justify\"><span style=\"font-weight: 400;font-family: georgia, palatino, serif;font-size: 14pt\">Banor\u00ebt dhe aktivist\u00ebt treguan se zvarritja e proceseve gjyq\u00ebsore gjithmon\u00eb sjell p\u00ebrfitime p\u00ebr abuzuesit q\u00eb kapen pas k\u00ebtyre ndryshimeve ligjore dhe nxjerrin deri n\u00eb qindark\u00ebn e fundit fitimin e tyre teksa n\u00eb gjykata diskutohet p\u00ebr palgjshm\u00ebri. Edhe p\u00ebr zhvillimet e djeshme, Adem Gjokola dhe Dhimit\u00ebr Koleci shprehen se po u jepet dor\u00eb kompanive private q\u00eb t\u00eb \u00e7ojn\u00eb deri n\u00eb fund skemat e tyre t\u00eb shfryt\u00ebzimit t\u00eb natyr\u00ebs.\u00a0<\/span><\/p>\n<blockquote><p><span style=\"font-family: georgia, palatino, serif;font-size: 14pt\"><i><span style=\"font-weight: 400\">Duan t\u00eb shkat\u00ebrrojn\u00eb, shqip, zgjasin procesin q\u00eb t\u00eb shkat\u00ebrrojn\u00eb zonat.\u00a0 <\/span><\/i><span style=\"font-weight: 400\">Adem Xhokola<\/span><\/span><\/p><\/blockquote>\n<blockquote><p><span style=\"font-family: georgia, palatino, serif;font-size: 14pt\"><i><span style=\"font-weight: 400\">Avokat\u00ebt e shtetit duhet t\u2019i mbrojn\u00eb pasurit\u00eb komb\u00ebtare, Parqet Komb\u00ebtare. Ata i kap s\u00ebmundja kur \u00ebsht\u00eb p\u00ebr t\u2019i shqyrtu k\u00ebto \u00e7\u00ebshtje. Kjo \u00ebsht\u00eb e dukshme p\u00ebr ne, e dim\u00eb ngase e kemi kaluar edhe her\u00eb t\u00eb tjera. Duan ta shtyjn\u00eb sa m\u00eb shum\u00eb, i b\u00ebn\u00eb gati sopatat dhe n\u00eb ato pjes\u00eb q\u00eb kan\u00eb hequr nga parqet komb\u00ebtare duan t\u00eb b\u00ebjn\u00eb masak\u00ebr. Duan t\u2019u japin koh\u00eb abuzuesve t\u00eb zonave t\u00eb mbrojtura, t\u00eb parqeve komb\u00ebtare.\u00a0 <\/span><\/i><span style=\"font-weight: 400\">Dhimit\u00ebr Koleci\u00a0<\/span><\/span><\/p><\/blockquote>\n<p><img fetchpriority=\"high\" decoding=\"async\" class=\" wp-image-23621 aligncenter\" src=\"https:\/\/nyje.al\/wp-content\/uploads\/2024\/07\/shtyhetseancazonatembrojturaheader.jpg\" alt=\"\" width=\"635\" height=\"476\" srcset=\"https:\/\/nyje.al\/wp-content\/uploads\/2024\/07\/shtyhetseancazonatembrojturaheader.jpg 2000w, https:\/\/nyje.al\/wp-content\/uploads\/2024\/07\/shtyhetseancazonatembrojturaheader-768x576.jpg 768w, https:\/\/nyje.al\/wp-content\/uploads\/2024\/07\/shtyhetseancazonatembrojturaheader-1536x1152.jpg 1536w, https:\/\/nyje.al\/wp-content\/uploads\/2024\/07\/shtyhetseancazonatembrojturaheader-16x12.jpg 16w, https:\/\/nyje.al\/wp-content\/uploads\/2024\/07\/shtyhetseancazonatembrojturaheader-1320x990.jpg 1320w\" sizes=\"(max-width: 635px) 100vw, 635px\" \/><\/p>\n<p style=\"text-align: justify\"><span style=\"font-family: georgia, palatino, serif;font-size: 14pt;color: #800000\"><b>Padia p\u00ebr kufijt\u00eb, ecuria minimale<\/b><\/span><\/p>\n<p style=\"text-align: justify\"><span style=\"font-weight: 400;font-family: georgia, palatino, serif;font-size: 14pt\">Avokati i Qendres ResPublica Dorian Matlija, si nj\u00ebri prej p\u00ebrfaq\u00ebsuesve t\u00eb pal\u00ebs padit\u00ebse tregoi dje se procesi i shqyrtimit t\u00eb padis\u00eb s\u00eb ngritur nga organizatat mjedisore ka marr\u00eb dhe po merr koh\u00eb m\u00ebse t\u00eb mjaftueshme p\u00ebr t\u00eb kryer secilin hap n\u00eb m\u00ebnyr\u00eb t\u00eb matur.\u00a0 Gjithashtu procesi \u00ebsht\u00eb ballafaquar me pengesa t\u00eb lidhura kryesisht me v\u00ebshtir\u00ebsi n\u00eb gjetjen e ekspert\u00ebve mjedisor\u00eb t\u00eb cil\u00ebt do kryenin akt-ekspertimet n\u00eb saj\u00eb t\u00eb procesit gjyq\u00ebsor. Pas disa muajsh u arrit t\u00eb nisnin pun\u00ebn dy ekspert\u00eb q\u00eb po p\u00ebrgatisin materialet p\u00ebr t\u00eb gjitha zonat e mbrojtura t\u00eb prekura nga ndryshimet e janarit t\u00eb 2023, koh\u00eb kur K\u00ebshilli i Ministrave p\u00ebrmes nj\u00eb VKM-je ndryshoi t\u00eb gjitha hartat e Parqeve Komb\u00ebtare.\u00a0<\/span><\/p>\n<p style=\"text-align: justify\"><span style=\"font-family: georgia, palatino, serif;font-size: 14pt;color: #800000\"><b>\u201cTaktik\u00eb e vjet\u00ebr\u201d\u00a0<\/b><\/span><\/p>\n<p style=\"text-align: justify\"><span style=\"font-weight: 400;font-family: georgia, palatino, serif;font-size: 14pt\">Banor\u00ebt dhe aktivist\u00ebt e Zall-Gjo\u00e7aj prej m\u00eb shum\u00eb se 5 vitesh enden sallave t\u00eb gjykatave n\u00eb vend. Me pes\u00eb padi t\u00eb ngritura prej tyre dhe kall\u00ebzime n\u00eb SPAK p\u00ebr zyrtar\u00ebt firm\u00ebtar\u00eb t\u00eb shkat\u00ebrrimit t\u00eb Parkut Komb\u00ebtar, ata pothuajse n\u00eb secilin proces jan\u00eb ndeshur me zvarritje n\u00eb gjykatat shqiptare. Gjykata Administrative e Apelit ende mban n\u00eb sirtar\u00eb \u00e7\u00ebshtjen e themelit p\u00ebr pezullimin e akteve t\u00eb pushtetit lokal e q\u00ebndror q\u00eb kan\u00eb lejuar nd\u00ebrtimin e HECit Zais n\u00eb zon\u00eb t\u00eb mbrojtur. Banor\u00ebve u \u00ebsht\u00eb dashur t\u00eb kryejn\u00eb aksione p\u00ebrball\u00eb saj p\u00ebr t\u2019i b\u00ebr\u00eb thirrje k\u00ebsaj gjykate q\u00eb t\u00eb nis\u00eb punim\u00ebt. Protesta e fundit, p\u00ebrball\u00eb Prokuroris\u00eb Lezh\u00eb, u organizua nga aktivist\u00ebt e \u201cMbro Zall Gjo\u00e7aj\u201d me q\u00ebllim nisjen e hetimeve p\u00ebr zyrtar\u00ebt e akuzuar fillimisht n\u00eb SPAK, por t\u00eb p\u00ebrcjell\u00eb nga aty p\u00ebr n\u00eb organin e hetuesis\u00eb n\u00eb qytetin e Lezh\u00ebs.<\/span><\/p>\n<p style=\"text-align: justify\"><span style=\"font-weight: 400;font-family: georgia, palatino, serif;font-size: 14pt\">Nuk kan\u00eb q\u00ebn\u00eb t\u00eb pakta rastet q\u00eb seancat gjyq\u00ebsore jan\u00eb shtyr\u00eb me kerkes\u00eb t\u00eb p\u00ebrfaq\u00ebsuesve ligjor\u00eb t\u00eb institucioneve shqiptare, me arsyetime nga m\u00eb t\u00eb ndryshmet por m\u00eb shpesh t\u00eb ndeshura jan\u00eb arsyet sh\u00ebndet\u00ebsore sipas aktivist\u00ebve.\u00a0<\/span><\/p>\n<blockquote><p><span style=\"font-family: georgia, palatino, serif;font-size: 14pt\"><i><span style=\"font-weight: 400\">Avokat\u00ebt e shtetit nuk \u00ebsht\u00eb gjyqi i par\u00eb q\u00eb s\u00ebmuren, marin raporte p\u00ebr dizenteri, tifo, covid. I kap shpesh s\u00ebmundja k\u00ebta. N\u00eb t\u00eb gjitha proceset k\u00ebshtu na ka ndodhur. \u00c7do dy seanca, n\u00eb nj\u00ebr\u00ebn ishte me raport avokati i k\u00ebtyre, nuk \u00ebsht\u00eb ndonj\u00eb gj\u00eb e re kjo q\u00eb ndodh kjo.\u00a0<\/span><\/i><\/span><\/p><\/blockquote>\n<p style=\"text-align: justify\"><span style=\"font-weight: 400;font-family: georgia, palatino, serif;font-size: 14pt\">Ndon\u00ebse proceset e tejzgjatura n\u00ebnkuptojn\u00eb m\u00eb shum\u00eb mund, rrug\u00ebtim dhe pritje, aktivist\u00ebt dhe banor\u00ebt e Zall Gjo\u00e7aj u shpreh\u00ebn se do jen\u00eb n\u00eb sall\u00ebn e gjyqit \u00e7do seanc\u00eb. P\u00ebrfshir\u00eb edhe at\u00eb t\u00eb 25 shtatorit, ora 11:30, kur pritet t\u00eb mbahet seanca e radh\u00ebs mbi padin\u00eb kund\u00ebr ndyrshimit t\u00eb kufijve t\u00eb zonave t\u00eb mbrojtura.\u00a0<\/span><\/p>\n<p><img decoding=\"async\" class=\"alignnone size-full wp-image-23623\" src=\"https:\/\/nyje.al\/wp-content\/uploads\/2024\/07\/shtyhetseancazonatembrojtura1-e1721383601429.jpg\" alt=\"\" width=\"2000\" height=\"940\" srcset=\"https:\/\/nyje.al\/wp-content\/uploads\/2024\/07\/shtyhetseancazonatembrojtura1-e1721383601429.jpg 2000w, https:\/\/nyje.al\/wp-content\/uploads\/2024\/07\/shtyhetseancazonatembrojtura1-e1721383601429-768x361.jpg 768w, https:\/\/nyje.al\/wp-content\/uploads\/2024\/07\/shtyhetseancazonatembrojtura1-e1721383601429-1536x722.jpg 1536w, https:\/\/nyje.al\/wp-content\/uploads\/2024\/07\/shtyhetseancazonatembrojtura1-e1721383601429-18x8.jpg 18w, https:\/\/nyje.al\/wp-content\/uploads\/2024\/07\/shtyhetseancazonatembrojtura1-e1721383601429-1320x620.jpg 1320w\" sizes=\"(max-width: 2000px) 100vw, 2000px\" \/><\/p>\n<p style=\"text-align: justify\">\n","protected":false},"excerpt":{"rendered":"<p>Aktivist\u00ebt e Zall-Gjo\u00e7aj ashtu si \u00e7do seanc\u00eb tjet\u00ebr qen\u00eb t\u00eb pranish\u00ebm edhe sot n\u00eb sall\u00ebn e Gjykat\u00ebs Administrative t\u00eb Apelit. Pas nj\u00eb udh\u00ebtimi qindra kilometrik, Abdi To\u00e7i dhe Adem Xhokola mezi prit\u00ebn nisjen e zhvillimit t\u00eb debateve mes pal\u00ebve dhe q\u00ebndrimet e trup\u00ebs gjykuese. T\u00eb paditur nga organizatat mjedisore p\u00ebr shkelje n\u00eb ndryshimin e kufijve t\u00eb hartave t\u00eb zonave t\u00eb mbrojtura, institucionet kishin nisur disa prej p\u00ebrfaq\u00ebsuesve t\u00eb tyre ligjor q\u00eb zun\u00eb vend n\u00eb t\u00eb majt\u00eb t\u00eb sall\u00ebs&#8230;<\/p>","protected":false},"author":2,"featured_media":23621,"comment_status":"open","ping_status":"closed","sticky":false,"template":"","format":"standard","meta":{"episode_type":"","audio_file":"","podmotor_file_id":"","podmotor_episode_id":"","cover_image":"","cover_image_id":"","duration":"","filesize":"","filesize_raw":"","date_recorded":"","explicit":"","block":"","ocean_post_layout":"right-sidebar","ocean_both_sidebars_style":"","ocean_both_sidebars_content_width":0,"ocean_both_sidebars_sidebars_width":0,"ocean_sidebar":"ocs-kryenyje-front-category-post-sidebar","ocean_second_sidebar":"0","ocean_disable_margins":"enable","ocean_add_body_class":"","ocean_shortcode_before_top_bar":"","ocean_shortcode_after_top_bar":"","ocean_shortcode_before_header":"","ocean_shortcode_after_header":"","ocean_has_shortcode":"","ocean_shortcode_after_title":"","ocean_shortcode_before_footer_widgets":"","ocean_shortcode_after_footer_widgets":"","ocean_shortcode_before_footer_bottom":"","ocean_shortcode_after_footer_bottom":"","ocean_display_top_bar":"default","ocean_display_header":"default","ocean_header_style":"","ocean_center_header_left_menu":"0","ocean_custom_header_template":"0","ocean_custom_logo":0,"ocean_custom_retina_logo":0,"ocean_custom_logo_max_width":0,"ocean_custom_logo_tablet_max_width":0,"ocean_custom_logo_mobile_max_width":0,"ocean_custom_logo_max_height":0,"ocean_custom_logo_tablet_max_height":0,"ocean_custom_logo_mobile_max_height":0,"ocean_header_custom_menu":"0","ocean_menu_typo_font_family":"0","ocean_menu_typo_font_subset":"","ocean_menu_typo_font_size":0,"ocean_menu_typo_font_size_tablet":0,"ocean_menu_typo_font_size_mobile":0,"ocean_menu_typo_font_size_unit":"px","ocean_menu_typo_font_weight":"","ocean_menu_typo_font_weight_tablet":"","ocean_menu_typo_font_weight_mobile":"","ocean_menu_typo_transform":"","ocean_menu_typo_transform_tablet":"","ocean_menu_typo_transform_mobile":"","ocean_menu_typo_line_height":0,"ocean_menu_typo_line_height_tablet":0,"ocean_menu_typo_line_height_mobile":0,"ocean_menu_typo_line_height_unit":"","ocean_menu_typo_spacing":0,"ocean_menu_typo_spacing_tablet":0,"ocean_menu_typo_spacing_mobile":0,"ocean_menu_typo_spacing_unit":"","ocean_menu_link_color":"","ocean_menu_link_color_hover":"","ocean_menu_link_color_active":"","ocean_menu_link_background":"","ocean_menu_link_hover_background":"","ocean_menu_link_active_background":"","ocean_menu_social_links_bg":"","ocean_menu_social_hover_links_bg":"","ocean_menu_social_links_color":"","ocean_menu_social_hover_links_color":"","ocean_disable_title":"default","ocean_disable_heading":"default","ocean_post_title":"","ocean_post_subheading":"","ocean_post_title_style":"","ocean_post_title_background_color":"","ocean_post_title_background":0,"ocean_post_title_bg_image_position":"","ocean_post_title_bg_image_attachment":"","ocean_post_title_bg_image_repeat":"","ocean_post_title_bg_image_size":"","ocean_post_title_height":0,"ocean_post_title_bg_overlay":0.5,"ocean_post_title_bg_overlay_color":"","ocean_disable_breadcrumbs":"default","ocean_breadcrumbs_color":"","ocean_breadcrumbs_separator_color":"","ocean_breadcrumbs_links_color":"","ocean_breadcrumbs_links_hover_color":"","ocean_display_footer_widgets":"default","ocean_display_footer_bottom":"default","ocean_custom_footer_template":"0","ocean_post_oembed":"","ocean_post_self_hosted_media":"","ocean_post_video_embed":"","ocean_link_format":"","ocean_link_format_target":"self","ocean_quote_format":"","ocean_quote_format_link":"post","ocean_gallery_link_images":"on","ocean_gallery_id":[],"footnotes":""},"categories":[4],"tags":[111,505,504,350,357],"class_list":["post-23618","post","type-post","status-publish","format-standard","has-post-thumbnail","hentry","category-kryenyje","tag-gjykata-administrative","tag-kufijte-e-zonave-te-mbrojtura","tag-vkm-nr59","tag-zall-gjocaj","tag-zonat-e-mbrojtura","entry","has-media"],"_links":{"self":[{"href":"https:\/\/nyje.al\/sq\/wp-json\/wp\/v2\/posts\/23618","targetHints":{"allow":["GET"]}}],"collection":[{"href":"https:\/\/nyje.al\/sq\/wp-json\/wp\/v2\/posts"}],"about":[{"href":"https:\/\/nyje.al\/sq\/wp-json\/wp\/v2\/types\/post"}],"author":[{"embeddable":true,"href":"https:\/\/nyje.al\/sq\/wp-json\/wp\/v2\/users\/2"}],"replies":[{"embeddable":true,"href":"https:\/\/nyje.al\/sq\/wp-json\/wp\/v2\/comments?post=23618"}],"version-history":[{"count":5,"href":"https:\/\/nyje.al\/sq\/wp-json\/wp\/v2\/posts\/23618\/revisions"}],"predecessor-version":[{"id":23625,"href":"https:\/\/nyje.al\/sq\/wp-json\/wp\/v2\/posts\/23618\/revisions\/23625"}],"wp:featuredmedia":[{"embeddable":true,"href":"https:\/\/nyje.al\/sq\/wp-json\/wp\/v2\/media\/23621"}],"wp:attachment":[{"href":"https:\/\/nyje.al\/sq\/wp-json\/wp\/v2\/media?parent=23618"}],"wp:term":[{"taxonomy":"category","embeddable":true,"href":"https:\/\/nyje.al\/sq\/wp-json\/wp\/v2\/categories?post=23618"},{"taxonomy":"post_tag","embeddable":true,"href":"https:\/\/nyje.al\/sq\/wp-json\/wp\/v2\/tags?post=23618"}],"curies":[{"name":"wp","href":"https:\/\/api.w.org\/{rel}","templated":true}]}}