{"id":18789,"date":"2023-12-09T11:54:16","date_gmt":"2023-12-09T10:54:16","guid":{"rendered":"https:\/\/nyje.al\/?p=18789"},"modified":"2024-10-01T16:18:54","modified_gmt":"2024-10-01T14:18:54","slug":"kronologjia-e-instalimit-te-mafies-se-5-majit","status":"publish","type":"post","link":"https:\/\/nyje.al\/sq\/kronologjia-e-instalimit-te-mafies-se-5-majit\/","title":{"rendered":"Kronologjia e instalimit t\u00eb &#8220;mafies&#8221; s\u00eb 5 Majit"},"content":{"rendered":"<div data-elementor-type=\"wp-post\" data-elementor-id=\"18789\" class=\"elementor elementor-18789\">\n\t\t\t\t<div class=\"elementor-element elementor-element-5ffa070d e-flex e-con-boxed wpr-particle-no wpr-jarallax-no wpr-parallax-no wpr-sticky-section-no wpr-equal-height-no e-con e-parent\" data-id=\"5ffa070d\" data-element_type=\"container\" data-e-type=\"container\">\n\t\t\t\t\t<div class=\"e-con-inner\">\n\t\t\t\t<div class=\"elementor-element elementor-element-4c6057ef elementor-widget elementor-widget-text-editor\" data-id=\"4c6057ef\" data-element_type=\"widget\" data-e-type=\"widget\" data-widget_type=\"text-editor.default\">\n\t\t\t\t<div class=\"elementor-widget-container\">\n\t\t\t\t\t\t\t\t\t<p style=\"text-align: justify\"><span style=\"color: #800000;font-family: georgia, palatino, serif;font-size: 14pt\"><strong>Ndue Marku | 09.12.2023 | nyje.al\u00a0<\/strong><\/span><\/p><p style=\"text-align: justify\"><span style=\"font-family: georgia, palatino, serif;font-size: 14pt\">N\u00eb lagjen \u20185 Maji\u2019 ndodhi nj\u00eb nd\u00ebr grabitjet m\u00eb t\u00eb bujshme n\u00eb ekzistenc\u00ebn e shtetit shqiptar. Njer\u00ebzit u nxor\u00ebn p\u00ebrdhunsh\u00ebm nga banesat e tyre dhe bashkia jo vet\u00ebm ua shembi dhe ua mori sht\u00ebpit\u00eb, por edhe nuk i d\u00ebmshp\u00ebrbleu. Madje n\u00eb at\u00eb p\u00ebrpjekje t\u00eb banor\u00ebve p\u00ebr t\u00eb mbrojtur pronat e tyre, n\u00eb ato protesta dhe reagime t\u00eb fuqishme, n\u00eb fakt shteti urdh\u00ebroi edhe policin\u00eb antiligjore t\u00eb nd\u00ebrhynte, t\u00eb shtypte protest\u00ebn e t\u00eb rimerrte kontrollin e zon\u00ebs. Kur kan\u00eb kaluar dy vjet nga p\u00ebrballjet e frikshme qytetar\u00eb-junte policore, jan\u00eb t\u00eb pakt\u00eb z\u00ebrat q\u00eb flasin p\u00ebr padrejt\u00ebsin\u00eb-vjedhje-grabitje-mashtrimin q\u00eb u \u00ebsht\u00eb b\u00ebr\u00eb banor\u00ebve t\u00eb zon\u00ebs s\u00eb 5 Majit. Madje edhe opozita, q\u00eb mund ta kishte si nj\u00eb prej kartave t\u00eb saj elektorale n\u00eb zgjedhjet e fundit lokale, e m\u00ebnjanoi historin\u00eb e turpshme t\u00eb vjedhjes s\u00eb pronave t\u00eb qytetar\u00ebve t\u00eb \u201c5 Majit\u201d.<\/span><\/p><p style=\"text-align: justify\"><span style=\"font-family: georgia, palatino, serif;font-size: 14pt\">Po si nisi grabitja? N\u00eb fakt projekti daton prej majit t\u00eb vitit 2012. \u00cbsht\u00eb shum\u00eb interesante nj\u00eb mbledhje e k\u00ebshillit bashkiak t\u00eb Tiran\u00ebs s\u00eb asaj kohe, ku edhe \u00ebsht\u00eb propozuar projekti fitues &#8220;Grimshow&#8221;. Nd\u00ebrkoh\u00eb q\u00eb Lulzim Basha, kryebashkiaku demokrat i Tiran\u00ebs projektonte zgjatimin dhe zgjerimin e bulevardit, grupi socialist n\u00eb at\u00eb koh\u00eb del me nj\u00eb deklarat\u00eb ku thuhej se \u201c<em>Projekti prish ekuilibrat social-mjedisor\u00eb<\/em>\u201d. Dhe m\u00eb tej vijohej: <em>&#8220;N\u00ebpermjet nj\u00eb deklarate kan\u00eb reaguar k\u00ebshilltar\u00ebt socialist\u00eb. Ata i k\u00ebrkojn\u00eb zotit Basha t\u2019u tregoj\u00eb qytetar\u00ebve se sa milion\u00eb euro u ka \u00e7uar d\u00ebm n\u00eb k\u00ebto 10 muaj, duke zhvilluar konkurse, q\u00eb ishin zhvilluar m\u00eb par\u00eb, si dhe sa milion\u00eb euro u kushton qytetar\u00ebve maketi i tij i sot\u00ebm. Sa e shkat\u00ebrrojn\u00eb ekuilibrin social dhe mjedisor t\u00eb Tiran\u00ebs, kullat q\u00eb Basha ka planifikuar t\u00eb ngrej\u00eb?<\/em>\u201d N\u00eb deklarat\u00ebn e k\u00ebshilltar\u00ebve socialist\u00eb thuhej se qytetar\u00ebt e Tiran\u00ebs kan\u00eb d\u00ebgjuar vet\u00ebm t\u00eb pav\u00ebrteta n\u00eb k\u00ebto muaj, nd\u00ebrkoh\u00eb q\u00eb e ardhmja e tyre vazhdon t\u00eb rrezikohet nga mashtrimi publik me makete, me miliona euro t\u00eb \u00e7uara d\u00ebm, si n\u00eb rastin e sheshit \u2018Sk\u00ebnderbej\u2019, me taksat q\u00eb Basha premtoi t\u00eb ulte, por n\u00eb fakt u dyfishuan, me hipotekat q\u00eb do t\u2019i g\u00ebzonin, por q\u00eb ende nuk i kan\u00eb n\u00eb dor\u00eb apo me Planin Urbanistik t\u00eb 2008-s, q\u00eb po paraqitet si plan i sot\u00ebm i Tiran\u00ebs.<\/span><\/p><p><span style=\"font-family: arial, helvetica, sans-serif\"><span style=\"font-size: 14pt\"><img fetchpriority=\"high\" decoding=\"async\" class=\"wp-image-18795  aligncenter\" src=\"https:\/\/nyje.al\/wp-content\/uploads\/2023\/12\/273567156_1110180436225840_7902190988331990030_n.jpg\" alt=\"9 shkurt, shembja e shtepive te banoreve te lagjes 5 maji, foto nga Ronald Qema \" width=\"564\" height=\"376\" srcset=\"https:\/\/nyje.al\/wp-content\/uploads\/2023\/12\/273567156_1110180436225840_7902190988331990030_n.jpg 2048w, https:\/\/nyje.al\/wp-content\/uploads\/2023\/12\/273567156_1110180436225840_7902190988331990030_n-768x512.jpg 768w, https:\/\/nyje.al\/wp-content\/uploads\/2023\/12\/273567156_1110180436225840_7902190988331990030_n-1536x1024.jpg 1536w, https:\/\/nyje.al\/wp-content\/uploads\/2023\/12\/273567156_1110180436225840_7902190988331990030_n-18x12.jpg 18w, https:\/\/nyje.al\/wp-content\/uploads\/2023\/12\/273567156_1110180436225840_7902190988331990030_n-1320x880.jpg 1320w\" sizes=\"(max-width: 564px) 100vw, 564px\" \/><\/span> <span style=\"font-size: 12pt;color: #999999\">9 shkurt, shembja e sht\u00ebpive t\u00eb banor\u00ebve t\u00eb lagjes 5 Maji, foto nga Ronald Qema\u00a0<\/span><\/span><\/p><p style=\"text-align: justify\"><span style=\"font-family: georgia, palatino, serif;font-size: 14pt\">Duke e par\u00eb me v\u00ebmendje k\u00ebt\u00eb reagim t\u00eb asaj kohe, shihet qart\u00eb ravij\u00ebzimi i nj\u00eb projekti q\u00eb do t\u00eb pasohej dhe do t\u00eb vijonte me vjedhje pronash t\u00eb qytetar\u00ebve q\u00eb ishin t\u00eb vendosur n\u00eb at\u00eb zon\u00eb. N\u00eb fakt, q\u00eb prej asaj kohe e deri m\u00eb sot, askush nuk iu p\u00ebrgjigj pyetjeve q\u00eb shtruan socialist\u00ebt opozit\u00eb, teksa vet\u00ebm pak vite m\u00eb pas do t\u00eb hidhej n\u00eb let\u00ebr, n\u00eb baz\u00eb t\u00eb atij projekti, shtrirja e planit t\u00eb vjedhjes n\u00ebn thundr\u00ebn e mafies s\u00eb pushtetit.<\/span><\/p><p style=\"text-align: justify\"><span style=\"font-family: georgia, palatino, serif;font-size: 14pt\">Pasi mor\u00ebn pushtetin, socialist\u00ebt jo vet\u00ebm q\u00eb nuk q\u00ebndruan koherent ndaj \u2018shqet\u00ebsimeve t\u00eb tyre opozitare\u2019, por e zbatuan projektin me dhun\u00eb, forc\u00eb policore, n\u00eb terr informativ dhe n\u00eb m\u00ebnyr\u00eb anti-kushtetuese. Projekti u tha se u kalua me procedur\u00eb t\u00eb p\u00ebrshpejtuar dhe pa konsultim publik. Shkak p\u00ebr mos konsultimin publik u paraqit justifikimi i pandemis\u00eb. Plan-projekti vazhdoi me shpalljen e Vendimit t\u00eb K\u00ebshillit t\u00eb Ministrave me nr.533 q\u00eb daton n\u00eb 22 shtatorin e vitit 2021 dhe u cil\u00ebsua si shpron\u00ebsim p\u00ebr interes publik. Me zhvillimin e projektit u ngarkua Bashkia e Tiran\u00ebs e cila pak para asaj periudhe kishte krijuar edhe kompanin\u00eb zhvilluese me em\u00ebr \u2018Tirana.Dc\u2019 q\u00eb \u00ebsht\u00eb edhe aktualisht zhvilluese e projektit n\u00ebp\u00ebrmjet n\u00ebnkontraktor\u00ebve.<\/span><\/p><p style=\"text-align: justify\"><span style=\"font-family: georgia, palatino, serif;font-size: 14pt\">N\u00eb fillim askush nuk i njihte n\u00ebnkontraktor\u00ebt por m\u00eb von\u00eb, banor\u00ebt e \u20185 Majit\u2019 duke g\u00ebrmuar n\u00eb vjedhjet e dhunshme q\u00eb po iu b\u00ebheshin m\u00ebsuan se \u2018Lisus shpk\u2019 ishte me pronar Pashk Rrapin, \u2018Pepa grup\u2019 me pronar Lulzim Pep\u00ebn, \u2018Salillari\u2019 me pronar G\u00ebzim Salillarin, \u2018Shk\u00eblqimi 07\u2019 me pronar Shk\u00eblqim Kapllanajn, v\u00ebllai i deputetit t\u00eb PD-s\u00eb, Agron Kapllanaj, etj. Sipas t\u00eb dh\u00ebnave q\u00eb erdh\u00ebn nga ajo koh\u00eb u m\u00ebsua se Bashkia Tiran\u00eb, n\u00eb vend t\u00eb shpron\u00ebsimit tradicional dhe t\u00eb specifikuar n\u00eb VKM-n\u00eb e nxjerr\u00eb me 22 shtator t\u00eb vitit 2021, e konkluduar si k\u00ebmbim ose shpron\u00ebsim, hartoi akt-marr\u00ebveshjen t\u00eb cil\u00ebn e paraqet si t\u00eb domosdoshme p\u00ebr t\u2019u firmosur dhe p\u00ebr t\u00eb patur mund\u00ebsin\u00eb p\u00ebr t\u2019u trajtuar banor\u00ebt si t\u00eb d\u00ebmtuar nga t\u00ebrmeti. Si\u00e7 u b\u00eb me dije, nj\u00eb pjes\u00eb e banor\u00ebve, nga frika dhe nga padija e firmos\u00ebn marr\u00ebveshjen me Bashkin\u00eb, nd\u00ebrsa pjesa tjet\u00ebr nuk pranoi n\u00ebnshkrimin e saj. Kjo p\u00ebr arsye se n\u00eb marr\u00ebveshje nuk p\u00ebrcaktoheshin dy t\u00eb dh\u00ebnat kryesore: kur dhe ku do t\u00eb shp\u00ebrbleheshin. Pra nga banor\u00ebt k\u00ebrkohej koha dhe vendi, si dy elemente kryesore p\u00ebr t\u00eb pasur vlefshm\u00ebri reale n\u00eb nj\u00eb marr\u00ebveshje t\u00eb drejt\u00eb dhe ligjore mes dy pal\u00ebsh.<\/span><\/p><p style=\"text-align: justify\"><span style=\"font-family: georgia, palatino, serif;font-size: 14pt\">Por kjo marr\u00ebveshje u tha se i ngarkonte banor\u00ebt, pra ata q\u00eb hodh\u00ebn firm\u00eb, po edhe t\u00eb tjer\u00ebt q\u00eb pretendohej se do t`i mashtronin, t\u00eb hiqnin dor\u00eb nga prona n\u00ebp\u00ebrmjet dhurimit. Bashkia zotohet t\u00eb realizoj\u00eb d\u00ebmshp\u00ebrblimin n\u00eb t\u00eb ardhmen duke iu b\u00ebr\u00eb me dije banor\u00ebve se ky d\u00ebmshp\u00ebrblim do t\u00eb bazohet edhe n\u00eb nj\u00eb ligj q\u00eb ende nuk ishte miratuar, por kur t\u00eb miratohej ligji, n\u00eb t\u00eb do t\u00eb ishin t\u00eb p\u00ebrcaktuara qart\u00eb detajet e d\u00ebmshp\u00ebrblimit.\u00a0Duke pritur d\u00ebmshp\u00ebrblimin dhe miratimin e ligjit p\u00ebr p\u00ebrcaktimin e kushteve, banor\u00ebt hoq\u00ebn dor\u00eb edhe nga \u00e7\u00ebshtja gjyq\u00ebsore, duke krijuar k\u00ebshtu nj\u00eb pak\u00ebnaq\u00ebsi mes pal\u00ebve, ku ata q\u00eb vendosen t\u00eb mosfirmosnin, vendosen edhe t\u00eb vijonin p\u00ebrballjen jo vet\u00ebm gjyq\u00ebsore.<\/span><\/p><p style=\"text-align: center\"><span style=\"font-family: arial, helvetica, sans-serif\"><img decoding=\"async\" class=\"wp-image-18791 aligncenter\" src=\"https:\/\/nyje.al\/wp-content\/uploads\/2023\/12\/22-shkurt-2022-lagjia-5-Maji-ne-proteste-fotografi-nga-Ronald-Qema.jpg\" alt=\"22 shkurt 2022, lagjia 5 Maji ne proteste, fotografi nga Ronald Qema\" width=\"562\" height=\"421\" srcset=\"https:\/\/nyje.al\/wp-content\/uploads\/2023\/12\/22-shkurt-2022-lagjia-5-Maji-ne-proteste-fotografi-nga-Ronald-Qema.jpg 1600w, https:\/\/nyje.al\/wp-content\/uploads\/2023\/12\/22-shkurt-2022-lagjia-5-Maji-ne-proteste-fotografi-nga-Ronald-Qema-768x576.jpg 768w, https:\/\/nyje.al\/wp-content\/uploads\/2023\/12\/22-shkurt-2022-lagjia-5-Maji-ne-proteste-fotografi-nga-Ronald-Qema-1536x1152.jpg 1536w, https:\/\/nyje.al\/wp-content\/uploads\/2023\/12\/22-shkurt-2022-lagjia-5-Maji-ne-proteste-fotografi-nga-Ronald-Qema-16x12.jpg 16w, https:\/\/nyje.al\/wp-content\/uploads\/2023\/12\/22-shkurt-2022-lagjia-5-Maji-ne-proteste-fotografi-nga-Ronald-Qema-1320x990.jpg 1320w\" sizes=\"(max-width: 562px) 100vw, 562px\" \/> <span style=\"font-size: 12pt;color: #999999\">22 shkurt 2022, lagjia 5 Maji ne proteste, fotografi nga Ronald Qema<\/span><\/span><\/p><p style=\"text-align: justify\"><span style=\"font-family: georgia, palatino, serif;font-size: 14pt\">Pushtimi nisi para VKM-s\u00eb. N\u00eb gusht t\u00eb 2021-it banor\u00ebt filluan protestat dhe nj\u00eb muaj m\u00eb von\u00eb, pra n\u00eb shtatorin e k\u00ebtij viti, para se sa t\u00eb miratohej VKM-ja e famshme me firm\u00ebtar Arben Ahmetajn, u realizuan prishjet e para. Nuk pati rezistenc\u00eb pasi, n\u00eb fakt, nj\u00eb pjes\u00eb e mir\u00eb e banor\u00ebve kishin firmosur duke patur frik\u00ebn se do t\u00eb mbeteshin\u00a0pa asnj\u00eb d\u00ebmshp\u00ebrblim. Nga kjo droje, ata banor\u00eb nuk iu bashkuan pjes\u00ebs tjet\u00ebr q\u00eb kishin nuhatur her\u00ebt mekanizmin barbar t\u00eb vjedhjes dhe p\u00ebrjashtimit nga e drejta e pron\u00ebs s\u00eb tyre.<\/span><\/p><p style=\"text-align: justify\"><span style=\"font-family: georgia, palatino, serif;font-size: 14pt\">N\u00eb 19 janar 2022, si\u00e7 edhe e dim\u00eb, u prish\u00ebn me dhun\u00eb banesa p\u00ebr t\u00eb cilat t\u00eb zot\u00ebt nuk kishin firmosur marr\u00ebveshjen. Me qindra forca policore e rrethuan zon\u00ebn pa zbardhur drita p\u00ebr t\u00eb iniciuar shembjen e sht\u00ebpive. Banor\u00ebt rezistuan dhe u p\u00ebrball\u00ebn fizikisht me policin\u00eb, p\u00ebr dhuna policore tejkaloi \u00e7do lloj limiti duke arrestuar dhe dhunuar masivisht protestuesit. N\u00eb at\u00eb dit\u00eb t\u00eb trisht\u00eb ra n\u00eb sy goditja barbare n\u00eb banes\u00ebn e familjes s\u00eb Liza Markut dhe t\u00eb sht\u00ebpis\u00eb s\u00eb Ledion Mziut, n\u00eb nj\u00ebsin\u00eb nr. 8. \u00cbsht\u00eb e pamundur t\u00eb harrohet imazhi i Ledionit, i cili vendos\u00eb t\u00eb vetprangoset brenda sht\u00ebpis\u00eb s\u00eb tij n\u00eb mbrojtje t\u00eb saj edhe me jet\u00eb. Junta policore, e derigjuar nga vet\u00eb shteti e shtypi rezistenc\u00ebn e banor\u00ebve t\u00eb \u20185 Majit\u2019 p\u00ebrdhunsh\u00ebm.<\/span><\/p><p style=\"text-align: justify\"><span style=\"font-family: georgia, palatino, serif;font-size: 14pt\">Pamjet e dhun\u00ebs s\u00eb pushtetit u b\u00ebn\u00eb virale,\u00a0e p\u00ebr pasoj\u00eb, p\u00ebr t\u00eb neutralizuar\u00a0aktin terrorist t\u00eb kryer ndaj pron\u00ebs dhe jet\u00ebs s\u00eb banor\u00ebve, nisi edhe nj\u00eb propagand\u00eb e fuqishme mediatike me aktor kryesor numrin dy t\u00eb bashkis\u00eb s\u00eb Tiran\u00ebs, Arbjan Mazniku.\u00a0N\u00eb nj\u00eb emision televiziv ai deklaronte se \u201cb<em>renda nj\u00eb viti, n\u00ebn\u00eb Liza do t\u00eb jet\u00eb n\u00eb sht\u00ebpin\u00eb e saj<\/em>\u201d, duke tentuar t\u00eb argumentoj\u00eb se shpron\u00ebsimi aty ishte i drejt\u00eb dhe se do ta realizonin, por sigurisht, sipas planit t\u00eb tyre q\u00eb n\u00eb fakt kishte marr\u00eb jet\u00eb shum\u00eb koh\u00eb m\u00eb par\u00eb. T\u00ebrmeti ishte p\u00ebrdorur, si n\u00eb shum\u00eb hap\u00ebsira t\u00eb tjera urbane dhe n\u00eb qytete t\u00eb tjera t\u00eb Shqip\u00ebris\u00eb, si pretekst p\u00ebr t\u00eb nd\u00ebrhyr\u00eb n\u00eb m\u00ebnyr\u00eb t\u00eb jasht\u00ebligjshme dhe duke shfryt\u00ebzuar, krijuar dhe mir\u00ebmbajtur gjendje t\u00eb jasht\u00ebzakonshme n\u00eb t\u00eb cilat t\u00eb mund t\u00eb nd\u00ebrhyhej edhe m\u00eb leht\u00eb n\u00eb qytet.<\/span><\/p><p style=\"text-align: center\"><span style=\"font-family: arial, helvetica, sans-serif\"><img decoding=\"async\" class=\"wp-image-18790 aligncenter\" src=\"https:\/\/nyje.al\/wp-content\/uploads\/2023\/12\/274522623_1118086812101869_1735613384300378765_n.jpg\" alt=\"22 shkurt 2022, protesta ne 5 Maj, foto nga Ronald Qema\" width=\"491\" height=\"327\" srcset=\"https:\/\/nyje.al\/wp-content\/uploads\/2023\/12\/274522623_1118086812101869_1735613384300378765_n.jpg 1440w, https:\/\/nyje.al\/wp-content\/uploads\/2023\/12\/274522623_1118086812101869_1735613384300378765_n-768x512.jpg 768w, https:\/\/nyje.al\/wp-content\/uploads\/2023\/12\/274522623_1118086812101869_1735613384300378765_n-18x12.jpg 18w, https:\/\/nyje.al\/wp-content\/uploads\/2023\/12\/274522623_1118086812101869_1735613384300378765_n-1320x880.jpg 1320w\" sizes=\"(max-width: 491px) 100vw, 491px\" \/> <span style=\"font-size: 12pt;color: #999999\">22 shkurt 2022, protesta ne 5 Maj, foto nga Ronald Qema<\/span><\/span><\/p><p style=\"text-align: justify\"><span style=\"font-family: georgia, palatino, serif;font-size: 14pt\">Megjithat\u00eb rezistenca vazhdoi. Banor\u00ebt e 5 majit vendos\u00ebn t\u00eb riorganizoheshin n\u00eb q\u00ebndres\u00eb qytetare duke e \u00e7uar z\u00ebrin e tyre para Parlamentit, Kryeministris\u00eb, Bashkis\u00eb, Ambasad\u00ebs Amerikane dhe institucioneve t\u00eb tjera. Ata bllokuan rrug\u00eb e sheshe, q\u00eb nga Shqiponja, Medreseja, Ura e Paskuqanit dhe ku mund\u00ebn. Kishin besimin q\u00eb dikush do ta d\u00ebgjonte z\u00ebrin e tyre, por nuk ndodhi. Askush nuk i d\u00ebgjoi e madje as opozita. Horrori n\u00eb sht\u00ebpin\u00eb e t\u00eb moshuar\u00ebs, Liza Marku, kryer nga banda me uniform\u00eb policore, b\u00ebri q\u00eb ngjarja t\u00eb ket\u00eb nj\u00eb lloj v\u00ebmendjeje t\u00eb pakt\u00eb nga mediat, kryesisht televizionet e m\u00ebdha. Pas k\u00ebsaj rezistence, t\u00eb pakt\u00eb nga radha e opozit\u00ebs iu bashkuan kauz\u00ebs s\u00eb tyre p\u00ebr mbrojtjen e pron\u00ebs. P\u00ebrkrahja e tyre e dob\u00ebt dhe e vonuar reduktohej vet\u00ebm n\u00eb p\u00ebrballje fizike n\u00eb p\u00ebrplasjet me policin\u00eb.<\/span><\/p><p style=\"text-align: justify\"><span style=\"font-family: georgia, palatino, serif;font-size: 14pt\">Nd\u00ebrhyrja e fundit brutale n\u00eb banesat e 5 Majit daton n\u00eb 22 shkurtin e vitit 2022, pra 5 muaj pas daljes s\u00eb VKM-s\u00eb. N\u00eb at\u00eb sulm t\u00eb derigjuar nga Bashkia Tiran\u00eb u prish\u00ebn 12 prona p\u00ebr t\u00eb cilat asnj\u00eb banor nuk kishte r\u00ebn\u00eb dakord\u00a0dhe as nuk kishte firmosur. At\u00eb dit\u00eb pati edhe p\u00ebrballje t\u00eb dhunshme fizike\u00a0mes\u00a0banor\u00ebve\u00a0dhe policis\u00eb. Kjo e fundit hodhi gaz lotsjell\u00ebs q\u00eb shp\u00ebrndau protestuesit dhe p\u00ebrballja p\u00ebrfundoi me 5 persona t\u00eb arrestuar, mes tyre Ndue Marku, Gjin Nikolli, Laureta Nikolli, Mirash Marku dhe Agim Marku. T\u00eb arrestuarit p\u00ebr protestat dhe kund\u00ebrshtimet e policis\u00eb u d\u00ebnuan me gjob\u00eb p\u00ebr rezistenc\u00eb, nd\u00ebrkoh\u00eb q\u00eb askush nuk u d\u00ebnua p\u00ebr helmin q\u00eb policia futi n\u00eb sht\u00ebpit\u00eb me f\u00ebmij\u00eb e t\u00eb moshuar n\u00eb at\u00eb zon\u00eb.<\/span><\/p><p><span style=\"font-family: arial, helvetica, sans-serif\"><img loading=\"lazy\" decoding=\"async\" class=\"wp-image-18792 aligncenter\" src=\"https:\/\/nyje.al\/wp-content\/uploads\/2023\/12\/274529138_1118086855435198_3744641930499067299_n.jpg\" alt=\"22 shkurt 2022, banor\u00ebt e lenduar nga gazi lotsjelles ne lagjen 5 Maji, fotografi nga Ronald Qema \" width=\"543\" height=\"362\" srcset=\"https:\/\/nyje.al\/wp-content\/uploads\/2023\/12\/274529138_1118086855435198_3744641930499067299_n.jpg 1440w, https:\/\/nyje.al\/wp-content\/uploads\/2023\/12\/274529138_1118086855435198_3744641930499067299_n-768x512.jpg 768w, https:\/\/nyje.al\/wp-content\/uploads\/2023\/12\/274529138_1118086855435198_3744641930499067299_n-18x12.jpg 18w, https:\/\/nyje.al\/wp-content\/uploads\/2023\/12\/274529138_1118086855435198_3744641930499067299_n-1320x880.jpg 1320w\" sizes=\"(max-width: 543px) 100vw, 543px\" \/> <span style=\"font-size: 12pt;color: #999999\">22 shkurt 2022, banor\u00ebt e lenduar nga gazi lotsjelles ne lagjen 5 Maji, fotografi nga Ronald Qema<\/span><\/span><\/p><p style=\"text-align: justify\"><span style=\"font-family: georgia, palatino, serif;font-size: 14pt\">At\u00eb dit\u00eb\u00a0dhe as m\u00eb von\u00eb, asnj\u00eb titullar nuk solli asnj\u00eb vendim prishjeje nga IMT-ja. Po nd\u00ebrkoh\u00eb q\u00eb reprezalja n\u00eb at\u00eb zon\u00eb kishte acaruar s\u00eb tep\u00ebrmi opinionin publik p\u00ebr m\u00ebnyr\u00ebn e dhunshme me t\u00eb cil\u00ebn u shemb\u00ebn sht\u00ebpit\u00eb, kryebashkiaku i Tiran\u00ebs, i cili b\u00ebhej gati p\u00ebr t\u00eb rikandiduar\u00a0p\u00ebr Bashkin\u00eb e Tiran\u00ebs, deklaronte n\u00eb nj\u00eb tjet\u00ebr nj\u00ebsi se Liza Marku kishte p\u00ebrfituar 500 met\u00ebr katror nd\u00ebrtim. Madje, sipas Veliajt, ajo kishte dh\u00ebn\u00eb dakord\u00ebsin\u00eb\u00a0p\u00ebr k\u00ebt\u00eb nd\u00ebrtim. Por sot e asaj dite, n\u00ebn\u00eb Liza \u00ebsht\u00eb e pastreh\u00eb, shum\u00eb prej tyre nuk marrin as bonusin e qeras\u00eb. Madje vet\u00eb Veliaj, deklaroi pak koh\u00eb m\u00eb par\u00eb se n\u00eb dhjetorin e k\u00ebtij viti\u00a070 familjet e fundit nga banor\u00ebt e \u20185 Majit\u2019 do t\u00eb strehohen. N\u00eb fakt t\u00eb dh\u00ebnat tregojn\u00eb se nga 164 prona t\u00eb prishura p\u00ebrgjat\u00eb aksionit mafioz shtet\u00ebror asnj\u00eb nuk \u00ebsht\u00eb strehuar.<\/span><\/p><p style=\"text-align: justify\"><span style=\"font-family: georgia, palatino, serif;font-size: 14pt\">Me 9 maj t\u00eb k\u00ebtij viti, pra vet\u00ebm 5 dit\u00eb para zgjedhjeve vendore, bashkia del me VKB nr. 55 n\u00eb t\u00eb cil\u00ebn thuhet se do t\u00eb rip\u00ebrcaktohej radha e d\u00ebmshp\u00ebrblimit. N\u00eb fakt miratimi i k\u00ebsaj VKB-je u b\u00eb me dije nga vet\u00eb bashkia ku n\u00eb fokus ishte jo vet\u00ebm fushata, por edhe si nj\u00eb paraprit\u00eb p\u00ebr ndonj\u00eb mund\u00ebsi p\u00ebrplasjeje n\u00eb Gjykat\u00eb. Por ngjash\u00ebm me aktet e tjera t\u00eb dala nga bashkia, edhe k\u00ebsaj radhe nuk u mor vesh asgj\u00eb se kur dhe ku do t\u00eb d\u00ebmshp\u00ebrbleheshin t\u00eb d\u00ebmtuarit. Por n\u00eb at\u00eb koh\u00eb, kryeministri Rama e kishte shpallur t\u00eb p\u00ebrfunduar procesin e rind\u00ebrtimit, duke zhdukur nga qeverisja ministrin\u00eb q\u00eb shpiku p\u00ebr rind\u00ebrtimin e vjedhjes s\u00eb madhe q\u00eb e drejtoi ministri dhe z\u00ebvend\u00ebskryeministri Arben Ahmetaj, q\u00eb sot rezulton i shpallur n\u00eb k\u00ebrkim. Sadoq\u00eb \u00ebsht\u00eb p\u00ebrpjekur t\u00eb flitet, t\u00eb investigohet dhe t\u00eb rezistohet ndaj mashtrimit, grabitjes dhe shpron\u00ebsimeve t\u00eb dhunshme e t\u00eb padrejta t\u00eb 5 majit, kjo zon\u00eb dhe shum\u00eb t\u00eb tjera t\u00eb ngjashme n\u00eb kryeqytet dhe jasht\u00eb tij, fshehin shum\u00ebsi aferash korruptive dhe nd\u00ebrhyrjesh t\u00eb jasht\u00ebligjshme q\u00eb po kryhen n\u00eb kurriz t\u00eb qytetar\u00ebve dhe n\u00eb p\u00ebrfitim t\u00eb forcave t\u00eb pushtetit t\u00eb nj\u00eb qyteti oligarkik.<\/span><\/p>\t\t\t\t\t\t\t\t<\/div>\n\t\t\t\t<\/div>\n\t\t\t\t\t<\/div>\n\t\t\t\t<\/div>\n\t\t\t\t<\/div>","protected":false},"excerpt":{"rendered":"<p>N\u00eb lagjen \u20185 Maji\u2019 ndodhi nj\u00eb nd\u00ebr grabitjet m\u00eb t\u00eb bujshme n\u00eb ekzistenc\u00ebn e shtetit shqiptar. Njer\u00ebzit u nxor\u00ebn p\u00ebrdhunsh\u00ebm nga banesat e tyre dhe bashkia jo vet\u00ebm ua shembi dhe ua mori sht\u00ebpit\u00eb, por edhe nuk i d\u00ebmshp\u00ebrbleu. Madje n\u00eb at\u00eb p\u00ebrpjekje t\u00eb banor\u00ebve p\u00ebr t\u00eb mbrojtur pronat e tyre, n\u00eb ato protesta dhe reagime&#8230;<\/p>","protected":false},"author":2,"featured_media":18798,"comment_status":"open","ping_status":"open","sticky":false,"template":"","format":"standard","meta":{"episode_type":"","audio_file":"","podmotor_file_id":"","podmotor_episode_id":"","cover_image":"","cover_image_id":"","duration":"","filesize":"","filesize_raw":"","date_recorded":"","explicit":"","block":"","ocean_post_layout":"right-sidebar","ocean_both_sidebars_style":"","ocean_both_sidebars_content_width":0,"ocean_both_sidebars_sidebars_width":0,"ocean_sidebar":"ocs-kryenyje-front-category-post-sidebar","ocean_second_sidebar":"0","ocean_disable_margins":"enable","ocean_add_body_class":"","ocean_shortcode_before_top_bar":"","ocean_shortcode_after_top_bar":"","ocean_shortcode_before_header":"","ocean_shortcode_after_header":"","ocean_has_shortcode":"","ocean_shortcode_after_title":"","ocean_shortcode_before_footer_widgets":"","ocean_shortcode_after_footer_widgets":"","ocean_shortcode_before_footer_bottom":"","ocean_shortcode_after_footer_bottom":"","ocean_display_top_bar":"default","ocean_display_header":"default","ocean_header_style":"","ocean_center_header_left_menu":"0","ocean_custom_header_template":"0","ocean_custom_logo":0,"ocean_custom_retina_logo":0,"ocean_custom_logo_max_width":0,"ocean_custom_logo_tablet_max_width":0,"ocean_custom_logo_mobile_max_width":0,"ocean_custom_logo_max_height":0,"ocean_custom_logo_tablet_max_height":0,"ocean_custom_logo_mobile_max_height":0,"ocean_header_custom_menu":"0","ocean_menu_typo_font_family":"0","ocean_menu_typo_font_subset":"","ocean_menu_typo_font_size":0,"ocean_menu_typo_font_size_tablet":0,"ocean_menu_typo_font_size_mobile":0,"ocean_menu_typo_font_size_unit":"px","ocean_menu_typo_font_weight":"","ocean_menu_typo_font_weight_tablet":"","ocean_menu_typo_font_weight_mobile":"","ocean_menu_typo_transform":"","ocean_menu_typo_transform_tablet":"","ocean_menu_typo_transform_mobile":"","ocean_menu_typo_line_height":0,"ocean_menu_typo_line_height_tablet":0,"ocean_menu_typo_line_height_mobile":0,"ocean_menu_typo_line_height_unit":"","ocean_menu_typo_spacing":0,"ocean_menu_typo_spacing_tablet":0,"ocean_menu_typo_spacing_mobile":0,"ocean_menu_typo_spacing_unit":"","ocean_menu_link_color":"","ocean_menu_link_color_hover":"","ocean_menu_link_color_active":"","ocean_menu_link_background":"","ocean_menu_link_hover_background":"","ocean_menu_link_active_background":"","ocean_menu_social_links_bg":"","ocean_menu_social_hover_links_bg":"","ocean_menu_social_links_color":"","ocean_menu_social_hover_links_color":"","ocean_disable_title":"default","ocean_disable_heading":"default","ocean_post_title":"","ocean_post_subheading":"","ocean_post_title_style":"","ocean_post_title_background_color":"","ocean_post_title_background":0,"ocean_post_title_bg_image_position":"","ocean_post_title_bg_image_attachment":"","ocean_post_title_bg_image_repeat":"","ocean_post_title_bg_image_size":"","ocean_post_title_height":0,"ocean_post_title_bg_overlay":0.5,"ocean_post_title_bg_overlay_color":"","ocean_disable_breadcrumbs":"default","ocean_breadcrumbs_color":"","ocean_breadcrumbs_separator_color":"","ocean_breadcrumbs_links_color":"","ocean_breadcrumbs_links_hover_color":"","ocean_display_footer_widgets":"default","ocean_display_footer_bottom":"default","ocean_custom_footer_template":"0","ocean_post_oembed":"","ocean_post_self_hosted_media":"","ocean_post_video_embed":"","ocean_link_format":"","ocean_link_format_target":"self","ocean_quote_format":"","ocean_quote_format_link":"post","ocean_gallery_link_images":"on","ocean_gallery_id":[],"footnotes":""},"categories":[4],"tags":[11,63,577,575,576,255,573,574],"class_list":["post-18789","post","type-post","status-publish","format-standard","has-post-thumbnail","hentry","category-kryenyje","tag-5-maji","tag-dhune-policore","tag-lapraka","tag-mazniku","tag-paskuqani","tag-proteste","tag-shpronesime","tag-veliaj","entry","has-media"],"_links":{"self":[{"href":"https:\/\/nyje.al\/sq\/wp-json\/wp\/v2\/posts\/18789","targetHints":{"allow":["GET"]}}],"collection":[{"href":"https:\/\/nyje.al\/sq\/wp-json\/wp\/v2\/posts"}],"about":[{"href":"https:\/\/nyje.al\/sq\/wp-json\/wp\/v2\/types\/post"}],"author":[{"embeddable":true,"href":"https:\/\/nyje.al\/sq\/wp-json\/wp\/v2\/users\/2"}],"replies":[{"embeddable":true,"href":"https:\/\/nyje.al\/sq\/wp-json\/wp\/v2\/comments?post=18789"}],"version-history":[{"count":9,"href":"https:\/\/nyje.al\/sq\/wp-json\/wp\/v2\/posts\/18789\/revisions"}],"predecessor-version":[{"id":26346,"href":"https:\/\/nyje.al\/sq\/wp-json\/wp\/v2\/posts\/18789\/revisions\/26346"}],"wp:featuredmedia":[{"embeddable":true,"href":"https:\/\/nyje.al\/sq\/wp-json\/wp\/v2\/media\/18798"}],"wp:attachment":[{"href":"https:\/\/nyje.al\/sq\/wp-json\/wp\/v2\/media?parent=18789"}],"wp:term":[{"taxonomy":"category","embeddable":true,"href":"https:\/\/nyje.al\/sq\/wp-json\/wp\/v2\/categories?post=18789"},{"taxonomy":"post_tag","embeddable":true,"href":"https:\/\/nyje.al\/sq\/wp-json\/wp\/v2\/tags?post=18789"}],"curies":[{"name":"wp","href":"https:\/\/api.w.org\/{rel}","templated":true}]}}