{"id":16671,"date":"2022-08-25T13:19:00","date_gmt":"2022-08-25T13:19:00","guid":{"rendered":"https:\/\/nyje.al\/?p=16671"},"modified":"2024-09-27T10:13:44","modified_gmt":"2024-09-27T08:13:44","slug":"te-mbrojme-shtepite-tona-nga-pallatet-e-erion-veliajt-banoret-e-tiranes-dhe-kamzes-rikthehen-ne-proteste","status":"publish","type":"post","link":"https:\/\/nyje.al\/sq\/te-mbrojme-shtepite-tona-nga-pallatet-e-erion-veliajt-banoret-e-tiranes-dhe-kamzes-rikthehen-ne-proteste\/","title":{"rendered":"\u201cT\u00eb mbrojm\u00eb sht\u00ebpit\u00eb tona nga pallatet e Erion Veliajt\u201d, banor\u00ebt e Tiran\u00ebs dhe Kamz\u00ebs rikthehen n\u00eb protest\u00eb"},"content":{"rendered":"<div data-elementor-type=\"wp-post\" data-elementor-id=\"16671\" class=\"elementor elementor-16671\">\n\t\t\t\t<div class=\"elementor-element elementor-element-1ccc9718 e-flex e-con-boxed wpr-particle-no wpr-jarallax-no wpr-parallax-no wpr-sticky-section-no wpr-equal-height-no e-con e-parent\" data-id=\"1ccc9718\" data-element_type=\"container\" data-e-type=\"container\">\n\t\t\t\t\t<div class=\"e-con-inner\">\n\t\t\t\t<div class=\"elementor-element elementor-element-28a11136 elementor-widget elementor-widget-text-editor\" data-id=\"28a11136\" data-element_type=\"widget\" data-e-type=\"widget\" data-widget_type=\"text-editor.default\">\n\t\t\t\t<div class=\"elementor-widget-container\">\n\t\t\t\t\t\t\t\t\t<p style=\"text-align: justify\"><span style=\"font-family: georgia, palatino, serif;font-size: 14pt\"><strong><span style=\"color: #800000\">nyje.al | 25.08.2022<\/span><\/strong><\/span><\/p><p style=\"text-align: justify\"><span style=\"font-weight: 400;font-family: georgia, palatino, serif;font-size: 14pt\">Fillimviti 2022 u sh\u00ebnjua si rrall\u00ebher\u00eb nga rezistenca e banor\u00ebve t\u00eb lagjes \u201c5 Maji\u201d. N\u00eb muajt janar-shkurt, qytetar\u00ebt e k\u00ebsaj zone kund\u00ebrshtuan planin e prishjes s\u00eb sht\u00ebpive t\u00eb tyre me protesta t\u00eb vazhdueshme, me procese gjyq\u00ebsore dhe p\u00ebrplasje me trupat policore. Me pretekstin se zona ishte d\u00ebmtuar nga t\u00ebrmeti i vitit 2019, me vendim t\u00eb K\u00ebshillit t\u00eb Ministrave u shpall shembja e godinave private me premtimin e rind\u00ebrtimit sipas projektit t\u00eb njohur me emrin \u201cTirana Riverside\u201d.\u00a0<\/span><\/p><p style=\"text-align: justify\"><span style=\"font-weight: 400;font-family: georgia, palatino, serif;font-size: 14pt\"> Qeveria shqiptare dhe Bashkia e Tiran\u00ebs nuk mor\u00ebn n\u00eb konsiderat\u00eb k\u00ebrkesat e qarta dhe t\u00eb bazuara t\u00eb qytetar\u00ebve, por realizuan planet e shembjeve t\u00eb nj\u00ebpasnj\u00ebshme t\u00eb sht\u00ebpive n\u00eb zon\u00eb. Lagjia e Kombinatit po ashtu ka pasur historit\u00eb e saj t\u00eb rezistenc\u00ebs dhe p\u00ebrballjes me bashkin\u00eb e Tiran\u00ebs kund\u00ebr prishjes s\u00eb pallateve t\u00eb banimit. Rasti i q\u00ebndres\u00ebs s\u00eb banor\u00ebve nga Kombinati\u00a0 dhe fitoret n\u00eb Gjykat\u00eb Administrative kund\u00ebr bashkis\u00eb t\u00eb p\u00ebrfaq\u00ebsuar nga qendra Res Publica, ngjalli entuzias\u00ebm nd\u00ebr qytetar\u00eb. Megjithat\u00eb, odisea e tyre nuk ka t\u00eb mbaruar. Po ashtu, prej disa muajsh, krahas situat\u00ebs n\u00eb zon\u00ebn e 5-Majit dhe Kombinatit, i nj\u00ebjti rrezik i prishjes s\u00eb sht\u00ebpive i kanoset edhe nj\u00eb pjes\u00eb t\u00eb lagjes s\u00eb Laprak\u00ebs, nj\u00ebsis\u00eb administrative t\u00eb Paskuqanit dhe zon\u00ebs s\u00eb Babrrus\u00eb dhe Kodr\u00ebs s\u00eb Priftit.\u00a0<\/span><\/p><p><div id='gallery-1' class='gallery galleryid-16671 gallery-columns-2 gallery-size-large'><figure class='gallery-item'>\n\t\t\t<div class='gallery-icon landscape'>\n\t\t\t\t<a href='https:\/\/nyje.al\/sq\/te-mbrojme-shtepite-tona-nga-pallatet-e-erion-veliajt-banoret-e-tiranes-dhe-kamzes-rikthehen-ne-proteste\/attachment\/1\/'><img fetchpriority=\"high\" decoding=\"async\" width=\"1200\" height=\"800\" src=\"https:\/\/nyje.al\/wp-content\/uploads\/2022\/09\/1.png\" class=\"attachment-large size-large\" alt=\"\" srcset=\"https:\/\/nyje.al\/wp-content\/uploads\/2022\/09\/1.png 1200w, https:\/\/nyje.al\/wp-content\/uploads\/2022\/09\/1-18x12.png 18w, https:\/\/nyje.al\/wp-content\/uploads\/2022\/09\/1-768x512.png 768w, https:\/\/nyje.al\/wp-content\/uploads\/2022\/09\/1-1320x880.png 1320w, https:\/\/nyje.al\/wp-content\/uploads\/2022\/09\/1-300x200.png 300w\" sizes=\"(max-width: 1200px) 100vw, 1200px\" \/><\/a>\n\t\t\t<\/div><\/figure><figure class='gallery-item'>\n\t\t\t<div class='gallery-icon landscape'>\n\t\t\t\t<a href='https:\/\/nyje.al\/sq\/te-mbrojme-shtepite-tona-nga-pallatet-e-erion-veliajt-banoret-e-tiranes-dhe-kamzes-rikthehen-ne-proteste\/attachment\/3\/'><img decoding=\"async\" width=\"1500\" height=\"1000\" src=\"https:\/\/nyje.al\/wp-content\/uploads\/2022\/09\/3.png\" class=\"attachment-large size-large\" alt=\"\" srcset=\"https:\/\/nyje.al\/wp-content\/uploads\/2022\/09\/3.png 1500w, https:\/\/nyje.al\/wp-content\/uploads\/2022\/09\/3-18x12.png 18w, https:\/\/nyje.al\/wp-content\/uploads\/2022\/09\/3-768x512.png 768w, https:\/\/nyje.al\/wp-content\/uploads\/2022\/09\/3-1320x880.png 1320w, https:\/\/nyje.al\/wp-content\/uploads\/2022\/09\/3-300x200.png 300w\" sizes=\"(max-width: 1500px) 100vw, 1500px\" \/><\/a>\n\t\t\t<\/div><\/figure><figure class='gallery-item'>\n\t\t\t<div class='gallery-icon landscape'>\n\t\t\t\t<a href='https:\/\/nyje.al\/sq\/te-mbrojme-shtepite-tona-nga-pallatet-e-erion-veliajt-banoret-e-tiranes-dhe-kamzes-rikthehen-ne-proteste\/attachment\/7\/'><img decoding=\"async\" width=\"1200\" height=\"800\" src=\"https:\/\/nyje.al\/wp-content\/uploads\/2022\/09\/7.png\" class=\"attachment-large size-large\" alt=\"\" srcset=\"https:\/\/nyje.al\/wp-content\/uploads\/2022\/09\/7.png 1200w, https:\/\/nyje.al\/wp-content\/uploads\/2022\/09\/7-18x12.png 18w, https:\/\/nyje.al\/wp-content\/uploads\/2022\/09\/7-768x512.png 768w, https:\/\/nyje.al\/wp-content\/uploads\/2022\/09\/7-1320x880.png 1320w, https:\/\/nyje.al\/wp-content\/uploads\/2022\/09\/7-300x200.png 300w\" sizes=\"(max-width: 1200px) 100vw, 1200px\" \/><\/a>\n\t\t\t<\/div><\/figure><figure class='gallery-item'>\n\t\t\t<div class='gallery-icon landscape'>\n\t\t\t\t<a href='https:\/\/nyje.al\/sq\/te-mbrojme-shtepite-tona-nga-pallatet-e-erion-veliajt-banoret-e-tiranes-dhe-kamzes-rikthehen-ne-proteste\/attachment\/4\/'><img loading=\"lazy\" decoding=\"async\" width=\"1500\" height=\"1000\" src=\"https:\/\/nyje.al\/wp-content\/uploads\/2022\/09\/4.png\" class=\"attachment-large size-large\" alt=\"\" srcset=\"https:\/\/nyje.al\/wp-content\/uploads\/2022\/09\/4.png 1500w, https:\/\/nyje.al\/wp-content\/uploads\/2022\/09\/4-18x12.png 18w, https:\/\/nyje.al\/wp-content\/uploads\/2022\/09\/4-768x512.png 768w, https:\/\/nyje.al\/wp-content\/uploads\/2022\/09\/4-1320x880.png 1320w, https:\/\/nyje.al\/wp-content\/uploads\/2022\/09\/4-300x200.png 300w\" sizes=\"(max-width: 1500px) 100vw, 1500px\" \/><\/a>\n\t\t\t<\/div><\/figure>\n\t\t<\/div>\n<\/p><p style=\"text-align: justify\"><span style=\"font-weight: 400;font-family: georgia, palatino, serif;font-size: 14pt\">Si domosdoshm\u00ebri p\u00ebr t\u00eb reaguar t\u00eb gjith\u00eb nj\u00ebz\u00ebri kund\u00ebr shembjes s\u00eb sht\u00ebpive t\u00eb tyre, banor\u00ebt e 5 Majit, Laprak\u00ebs, Kombinatit dhe Paskuqanit protestuan dje p\u00ebrpara Bashkis\u00eb Tiran\u00eb. Kund\u00ebr val\u00ebs s\u00eb shkat\u00ebrrimit, qytetar\u00ebt parashtruan edhe nj\u00ebher\u00eb gjendjen alarmante q\u00eb po u shkakton qeveria dhe bashkia p\u00ebr hir t\u00eb asaj q\u00eb k\u00ebto institucione quajn\u00eb \u2018investime publike\u201d.\u00a0\u00a0<\/span><\/p><blockquote><p><span style=\"font-weight: 400;font-family: georgia, palatino, serif;font-size: 14pt\">\u201cKan\u00eb nisur shembjet te zona e \u201c5 majit\u201d, presin q\u00eb t\u00eb nisin shembjet shum\u00eb shpejt n\u00eb zona t\u00eb tjera t\u00eb Tiran\u00ebs. N\u00eb Laprak\u00eb, n\u00eb Paskuqan, n\u00eb Babrru, tek Kodra e Priftit, n\u00eb Shkoz\u00eb e Kombinat, te Lana, kudo. Jan\u00eb mbi 1500 banesa q\u00eb shemben. Na flitet e trumbetohet sikur jan\u00eb projekte madhore, por n\u00eb fund t\u00eb dit\u00ebs na rezulton se jan\u00eb vet\u00ebm zona t\u00eb reja p\u00ebr pallate qeveritare, asgj\u00eb m\u00eb shum\u00eb. Ka mbaruar hap\u00ebsira publike n\u00eb Tiran\u00eb dhe kan\u00eb shkuar e po zgjerohen n\u00ebp\u00ebr periferi p\u00ebr t\u00eb nd\u00ebrtuar pallate, Lali Eri me shok\u00ebt e vet.\u201d<\/span><\/p><\/blockquote><p style=\"text-align: justify\"><span style=\"font-weight: 400;font-family: georgia, palatino, serif;font-size: 14pt\">Pas m\u00eb shum\u00eb se gjys\u00ebm viti nga shembja e godin\u00ebs p\u00ebrball\u00eb sht\u00ebpis\u00eb s\u00eb Ndue Markut, ai u b\u00ebri nj\u00eb thirrje protestuesve, por edhe t\u00eb gjith\u00ebve q\u00eb e ndiqnin protest\u00ebn nga media.\u00a0<\/span><\/p><blockquote><p><span style=\"font-weight: 400;font-family: georgia, palatino, serif;font-size: 14pt\">\u201cPosht\u00eb sht\u00ebpis\u00eb time \u00ebsht\u00eb nj\u00eb grumbull mbeturinash ku dikur ishin disa komshinj\u00eb t\u00eb mit\u00eb, shum\u00eb t\u00eb rregullt, njer\u00ebz, qytetar\u00eb, fshatar\u00eb, thoni si t\u00eb doni, por mbi t\u00eb gjitha njer\u00ebz. Ky nuk e ka ndjesin\u00eb e t\u00eb q\u00ebnit njeri, prandaj b\u00ebn k\u00ebshtu. Tani e kam me shqiptar\u00ebt, kush na sheh e na d\u00ebgjon, kini mendjen, kujdesuni n\u00eb qoft\u00eb se ju vjen dita t\u2019i jepni teposht\u00ebz\u00ebn k\u00ebtij personi, t\u2019ia jepni sepse do t\u00eb ndihmoni familje. \u201c5 Maji\u201d ka nj\u00eb vit, nga ata q\u00eb u jan\u00eb prish sht\u00ebpit\u00eb asnj\u00eb s\u2019\u00ebsht\u00eb strehu, nga ata q\u00eb do u prishen asnj\u00eb s\u2019do strehohet. Sepse \u00ebsht\u00eb e thjesht\u00eb, jan\u00eb mashtrues, jan\u00eb hajdut\u00eb e jan\u00eb grabit\u00ebs.\u201d<\/span><\/p><\/blockquote><p style=\"text-align: justify\"><span style=\"font-weight: 400;font-family: georgia, palatino, serif;font-size: 14pt\">Sikur t\u00eb mos mjaftonte shembja e sht\u00ebpive, banor\u00ebt e \u201c5 Majit\u201d e kan\u00eb vuajtur edhe m\u00eb shum\u00eb sjelljen arrogante t\u00eb pushtetit kundrejt tyre. Gjin Nikolli kujtoi deklaratat e Erion Velis\u00eb q\u00eb thoshte se k\u00ebtyre banor\u00ebve u kishte r\u00ebn\u00eb bingoja q\u00ebkurse jan\u00eb b\u00ebr\u00eb pjes\u00eb e transformimit s\u00eb k\u00ebsaj zone.\u00a0<\/span><\/p><blockquote><p><span style=\"font-weight: 400;font-family: georgia, palatino, serif;font-size: 14pt\">\u201cUn\u00eb jam nj\u00eb nga ata banor\u00ebt q\u00eb m\u2019ka ra bingo simas kryetarit t\u00eb Bashkis\u00eb. Bingo me policin\u00eb, bingo me gaz-lotsjell\u00ebs, bingo me fadroma, bingo me na arrestu n\u00ebp\u00ebr sht\u00ebpit\u00eb tona. Pse? Sepse ndejt\u00ebm n\u00eb sht\u00ebpin\u00eb ton\u00eb, jetuem n\u00eb sht\u00ebpin\u00eb ton\u00eb, sepse desht\u00ebm lirin\u00eb n\u00eb sht\u00ebpin\u00eb ton\u00eb, sepse desht\u00ebm familjen ton\u00eb, sepse desht\u00ebm t\u00eb jetojm\u00eb n\u00eb komunitet. Kjo i vret ata q\u00eb nuk e duan familjen, kjo i vret ata q\u00eb nuk e duan shoq\u00ebrin\u00eb, kjo i vret ata q\u00eb i shohin njer\u00ebzit si skllev\u00ebr. E pra kjo bingo q\u00eb na ka ra ne, e ka ba gjasht\u00eb-mujorshin pardje. Edhe sot, nga ajo bingo, ju ftoj t\u00eb gjith\u00ebve t\u00eb vini t\u00eb merrni nga nj\u00eb cop\u00eb nga ajo bingo q\u00eb m\u00eb ka ra mu, gjith\u00eb shqiptar\u00ebve.\u201d<\/span><\/p><\/blockquote><p style=\"text-align: justify\"><span style=\"font-family: georgia, palatino, serif;font-size: 14pt\"><img loading=\"lazy\" decoding=\"async\" class=\"wp-image-16681 aligncenter\" src=\"https:\/\/nyje.al\/wp-content\/uploads\/2022\/09\/IMG_9765-300x200.jpg\" alt=\"\" width=\"419\" height=\"279\" srcset=\"https:\/\/nyje.al\/wp-content\/uploads\/2022\/09\/IMG_9765-300x200.jpg 300w, https:\/\/nyje.al\/wp-content\/uploads\/2022\/09\/IMG_9765-18x12.jpg 18w, https:\/\/nyje.al\/wp-content\/uploads\/2022\/09\/IMG_9765-768x512.jpg 768w, https:\/\/nyje.al\/wp-content\/uploads\/2022\/09\/IMG_9765-1536x1024.jpg 1536w, https:\/\/nyje.al\/wp-content\/uploads\/2022\/09\/IMG_9765-2048x1365.jpg 2048w, https:\/\/nyje.al\/wp-content\/uploads\/2022\/09\/IMG_9765-1320x880.jpg 1320w, https:\/\/nyje.al\/wp-content\/uploads\/2022\/09\/IMG_9765.jpg 1500w\" sizes=\"(max-width: 419px) 100vw, 419px\" \/><img loading=\"lazy\" decoding=\"async\" class=\"wp-image-16683 aligncenter\" src=\"https:\/\/nyje.al\/wp-content\/uploads\/2022\/09\/IMG_9871-300x200.jpg\" alt=\"\" width=\"421\" height=\"280\" srcset=\"https:\/\/nyje.al\/wp-content\/uploads\/2022\/09\/IMG_9871-300x200.jpg 300w, https:\/\/nyje.al\/wp-content\/uploads\/2022\/09\/IMG_9871-18x12.jpg 18w, https:\/\/nyje.al\/wp-content\/uploads\/2022\/09\/IMG_9871-768x512.jpg 768w, https:\/\/nyje.al\/wp-content\/uploads\/2022\/09\/IMG_9871-1536x1024.jpg 1536w, https:\/\/nyje.al\/wp-content\/uploads\/2022\/09\/IMG_9871-2048x1365.jpg 2048w, https:\/\/nyje.al\/wp-content\/uploads\/2022\/09\/IMG_9871-1320x880.jpg 1320w, https:\/\/nyje.al\/wp-content\/uploads\/2022\/09\/IMG_9871.jpg 1500w\" sizes=\"(max-width: 421px) 100vw, 421px\" \/><img loading=\"lazy\" decoding=\"async\" class=\"wp-image-16680 aligncenter\" src=\"https:\/\/nyje.al\/wp-content\/uploads\/2022\/09\/IMG_9744-300x200.jpg\" alt=\"\" width=\"419\" height=\"279\" srcset=\"https:\/\/nyje.al\/wp-content\/uploads\/2022\/09\/IMG_9744-300x200.jpg 300w, https:\/\/nyje.al\/wp-content\/uploads\/2022\/09\/IMG_9744-18x12.jpg 18w, https:\/\/nyje.al\/wp-content\/uploads\/2022\/09\/IMG_9744-768x512.jpg 768w, https:\/\/nyje.al\/wp-content\/uploads\/2022\/09\/IMG_9744-1536x1024.jpg 1536w, https:\/\/nyje.al\/wp-content\/uploads\/2022\/09\/IMG_9744-2048x1365.jpg 2048w, https:\/\/nyje.al\/wp-content\/uploads\/2022\/09\/IMG_9744-1320x880.jpg 1320w, https:\/\/nyje.al\/wp-content\/uploads\/2022\/09\/IMG_9744.jpg 1500w\" sizes=\"(max-width: 419px) 100vw, 419px\" \/><\/span><\/p><p style=\"text-align: justify\"><span style=\"font-weight: 400;font-family: georgia, palatino, serif;font-size: 14pt\">Gazetari Bledar Marku akuzoi institucionet p\u00ebr aferat korruptive t\u00eb b\u00ebra tashm\u00eb publike, duke krahasuar vler\u00ebn q\u00eb do zgjidhte situat\u00ebn e \u201c5 Majit\u201d me vler\u00ebn q\u00eb incenerator\u00ebt i kan\u00eb kushtuar vendit ton\u00eb.\u00a0<\/span><\/p><blockquote><p><span style=\"font-weight: 400;font-family: georgia, palatino, serif;font-size: 14pt\">\u201cKa korrupsion, e dim\u00eb shum\u00eb mir\u00eb q\u00eb ka korrupsion, ka korrupsion te Unaza, ka korrupsion te \u201c5-Maji\u201d, ka korrupsion kudo, ka korrupsion te incenerator\u00ebt. Po b\u00ebja nj\u00eb llogari pak m\u00eb par\u00eb, 70 milion\u00eb euro u kan\u00eb dh\u00ebn\u00eb incenerator\u00ebve, 80 mij\u00eb euro kushton nj\u00eb banes\u00eb n\u00eb Tiran\u00eb. Me k\u00ebto lek\u00eb mund t\u00eb bliheshin 875 apartamente p\u00ebr njer\u00ebzit dhe k\u00ebtu s\u2019do kishte njer\u00ebz p\u00ebr \u201c5 Majin\u201d, do kishin marr\u00eb zgjidhje.\u201d<\/span><\/p><\/blockquote><p style=\"text-align: justify\"><span style=\"font-weight: 400;font-family: georgia, palatino, serif;font-size: 14pt\">T\u00eb mbetur pothuaj t\u00eb pashpres\u00eb n\u00eb gjetjen e t\u00eb drejt\u00ebs s\u00eb tyre, shum\u00eb nga protestuesit e gjet\u00ebn veprimin e Qani Mu\u00e7\u00ebs, kryefamiljari q\u00eb q\u00eblloi inspektorin e IMT, si zgjidhjen e vetme q\u00eb pushteti u ka l\u00ebn\u00eb n\u00eb dor\u00eb. Nj\u00ebra nga protestueset u shpreh se e kupton gjendjen n\u00eb t\u00eb cil\u00ebn \u00ebsht\u00eb ndodhur Z.Mu\u00e7a edhe paralajm\u00ebroi se n\u00eb kushte t\u00eb nj\u00ebjta do t\u00eb veproj\u00eb edhe ajo nj\u00ebsoj, pasi kjo do t\u00eb jet\u00eb e vetmja mund\u00ebsi q\u00eb po u lihet banor\u00ebve t\u00eb k\u00ebtyre zonave.\u00a0<\/span><\/p>\t\t\t\t\t\t\t\t<\/div>\n\t\t\t\t<\/div>\n\t\t\t\t\t<\/div>\n\t\t\t\t<\/div>\n\t\t\t\t<\/div>","protected":false},"excerpt":{"rendered":"<p>nyje.al | 25.08.2022 Fillimviti 2022 u sh\u00ebnjua si rrall\u00ebher\u00eb nga rezistenca e banor\u00ebve t\u00eb lagjes \u201c5 Maji\u201d. N\u00eb muajt janar-shkurt, qytetar\u00ebt e k\u00ebsaj zone kund\u00ebrshtuan planin e prishjes s\u00eb sht\u00ebpive t\u00eb tyre me protesta t\u00eb vazhdueshme, me procese gjyq\u00ebsore dhe p\u00ebrplasje me trupat policore. Me pretekstin se zona ishte d\u00ebmtuar nga t\u00ebrmeti i vitit 2019, me vendim t\u00eb K\u00ebshillit t\u00eb Ministrave u shpall shembja e godinave private me premtimin e rind\u00ebrtimit sipas projektit t\u00eb njohur me emrin \u201cTirana Riverside\u201d.\u00a0 Qeveria shqiptare dhe Bashkia e Tiran\u00ebs nuk mor\u00ebn n\u00eb konsiderat\u00eb k\u00ebrkesat e qarta dhe t\u00eb bazuara t\u00eb qytetar\u00ebve, por realizuan planet e shembjeve t\u00eb nj\u00ebpasnj\u00ebshme t\u00eb sht\u00ebpive n\u00eb zon\u00eb. Lagjia e Kombinatit po ashtu ka pasur historit\u00eb e saj t\u00eb rezistenc\u00ebs dhe p\u00ebrballjes me bashkin\u00eb e Tiran\u00ebs kund\u00ebr prishjes s\u00eb pallateve t\u00eb banimit. Rasti i q\u00ebndres\u00ebs s\u00eb banor\u00ebve nga Kombinati\u00a0 dhe fitoret n\u00eb Gjykat\u00eb Administrative kund\u00ebr bashkis\u00eb t\u00eb p\u00ebrfaq\u00ebsuar nga qendra Res Publica, ngjalli entuzias\u00ebm nd\u00ebr qytetar\u00eb. Megjithat\u00eb, odisea e tyre nuk ka t\u00eb mbaruar. Po ashtu, prej disa muajsh, krahas situat\u00ebs n\u00eb zon\u00ebn e 5-Majit dhe Kombinatit, i nj\u00ebjti rrezik i prishjes s\u00eb sht\u00ebpive i kanoset edhe nj\u00eb pjes\u00eb t\u00eb lagjes s\u00eb Laprak\u00ebs, nj\u00ebsis\u00eb administrative t\u00eb Paskuqanit dhe zon\u00ebs s\u00eb Babrrus\u00eb dhe Kodr\u00ebs s\u00eb Priftit.\u00a0 Si domosdoshm\u00ebri p\u00ebr t\u00eb reaguar t\u00eb gjith\u00eb nj\u00ebz\u00ebri kund\u00ebr shembjes s\u00eb sht\u00ebpive t\u00eb tyre, banor\u00ebt e 5 Majit, Laprak\u00ebs, Kombinatit dhe Paskuqanit protestuan dje p\u00ebrpara Bashkis\u00eb Tiran\u00eb. Kund\u00ebr val\u00ebs s\u00eb shkat\u00ebrrimit, qytetar\u00ebt parashtruan edhe nj\u00ebher\u00eb gjendjen alarmante q\u00eb po u shkakton qeveria dhe bashkia p\u00ebr hir t\u00eb asaj q\u00eb k\u00ebto institucione quajn\u00eb \u2018investime publike\u201d.\u00a0\u00a0 \u201cKan\u00eb nisur shembjet te zona e \u201c5 majit\u201d, presin q\u00eb t\u00eb nisin shembjet shum\u00eb shpejt n\u00eb zona t\u00eb tjera t\u00eb Tiran\u00ebs. N\u00eb Laprak\u00eb, n\u00eb Paskuqan, n\u00eb Babrru, tek Kodra e Priftit, n\u00eb Shkoz\u00eb e Kombinat, te Lana, kudo. Jan\u00eb mbi 1500 banesa q\u00eb shemben. Na flitet e trumbetohet sikur jan\u00eb projekte madhore, por n\u00eb fund t\u00eb dit\u00ebs na rezulton se jan\u00eb vet\u00ebm zona t\u00eb reja p\u00ebr pallate qeveritare, asgj\u00eb m\u00eb shum\u00eb. Ka mbaruar hap\u00ebsira publike n\u00eb Tiran\u00eb dhe kan\u00eb shkuar e po zgjerohen n\u00ebp\u00ebr periferi p\u00ebr t\u00eb nd\u00ebrtuar pallate, Lali Eri me shok\u00ebt e vet.\u201d Pas m\u00eb shum\u00eb se gjys\u00ebm viti nga shembja e godin\u00ebs p\u00ebrball\u00eb sht\u00ebpis\u00eb s\u00eb Ndue Markut, ai u b\u00ebri nj\u00eb thirrje protestuesve, por edhe t\u00eb gjith\u00ebve q\u00eb e ndiqnin protest\u00ebn nga media.\u00a0 \u201cPosht\u00eb sht\u00ebpis\u00eb time \u00ebsht\u00eb nj\u00eb grumbull mbeturinash ku dikur ishin disa komshinj\u00eb t\u00eb mit\u00eb, shum\u00eb t\u00eb rregullt, njer\u00ebz, qytetar\u00eb, fshatar\u00eb, thoni si t\u00eb doni, por mbi t\u00eb gjitha njer\u00ebz. Ky nuk e ka ndjesin\u00eb e t\u00eb q\u00ebnit njeri, prandaj b\u00ebn k\u00ebshtu. Tani e kam me shqiptar\u00ebt, kush na sheh e na d\u00ebgjon, kini mendjen, kujdesuni n\u00eb qoft\u00eb se ju vjen dita t\u2019i jepni teposht\u00ebz\u00ebn k\u00ebtij personi, t\u2019ia jepni sepse do t\u00eb ndihmoni familje. \u201c5 Maji\u201d ka nj\u00eb vit, nga ata q\u00eb u jan\u00eb prish sht\u00ebpit\u00eb asnj\u00eb s\u2019\u00ebsht\u00eb strehu, nga ata q\u00eb do u prishen asnj\u00eb s\u2019do strehohet. Sepse \u00ebsht\u00eb e thjesht\u00eb, jan\u00eb mashtrues, jan\u00eb hajdut\u00eb e jan\u00eb grabit\u00ebs.\u201d Sikur t\u00eb mos mjaftonte shembja e sht\u00ebpive, banor\u00ebt e \u201c5 Majit\u201d e kan\u00eb vuajtur edhe m\u00eb shum\u00eb sjelljen arrogante t\u00eb pushtetit kundrejt tyre. Gjin Nikolli kujtoi deklaratat e Erion Velis\u00eb q\u00eb thoshte se k\u00ebtyre banor\u00ebve u kishte r\u00ebn\u00eb bingoja q\u00ebkurse jan\u00eb b\u00ebr\u00eb pjes\u00eb e transformimit s\u00eb k\u00ebsaj zone.\u00a0 \u201cUn\u00eb jam nj\u00eb nga ata banor\u00ebt q\u00eb m\u2019ka ra bingo simas kryetarit t\u00eb Bashkis\u00eb. Bingo me policin\u00eb, bingo me gaz-lotsjell\u00ebs, bingo me fadroma, bingo me na arrestu n\u00ebp\u00ebr sht\u00ebpit\u00eb tona. Pse? Sepse ndejt\u00ebm n\u00eb sht\u00ebpin\u00eb ton\u00eb, jetuem n\u00eb sht\u00ebpin\u00eb ton\u00eb, sepse desht\u00ebm lirin\u00eb n\u00eb sht\u00ebpin\u00eb ton\u00eb, sepse desht\u00ebm familjen ton\u00eb, sepse desht\u00ebm t\u00eb jetojm\u00eb n\u00eb komunitet. Kjo i vret ata q\u00eb nuk e duan familjen, kjo i vret ata q\u00eb nuk e duan shoq\u00ebrin\u00eb, kjo i vret ata q\u00eb i shohin njer\u00ebzit si skllev\u00ebr. E pra kjo bingo q\u00eb na ka ra ne, e ka ba gjasht\u00eb-mujorshin pardje. Edhe sot, nga ajo bingo, ju ftoj t\u00eb gjith\u00ebve t\u00eb vini t\u00eb merrni nga nj\u00eb cop\u00eb nga ajo bingo q\u00eb m\u00eb ka ra mu, gjith\u00eb shqiptar\u00ebve.\u201d Gazetari Bledar Marku akuzoi institucionet p\u00ebr aferat korruptive t\u00eb b\u00ebra tashm\u00eb publike, duke krahasuar vler\u00ebn q\u00eb do zgjidhte situat\u00ebn e \u201c5 Majit\u201d me vler\u00ebn q\u00eb incenerator\u00ebt i kan\u00eb kushtuar vendit ton\u00eb.\u00a0 \u201cKa korrupsion, e dim\u00eb shum\u00eb mir\u00eb q\u00eb ka korrupsion, ka korrupsion te Unaza, ka korrupsion te \u201c5-Maji\u201d, ka korrupsion kudo, ka korrupsion te incenerator\u00ebt. Po b\u00ebja nj\u00eb llogari pak m\u00eb par\u00eb, 70 milion\u00eb euro u kan\u00eb dh\u00ebn\u00eb incenerator\u00ebve, 80 mij\u00eb euro kushton nj\u00eb banes\u00eb n\u00eb Tiran\u00eb. Me k\u00ebto lek\u00eb mund t\u00eb bliheshin 875 apartamente p\u00ebr njer\u00ebzit dhe k\u00ebtu s\u2019do kishte njer\u00ebz p\u00ebr \u201c5 Majin\u201d, do kishin marr\u00eb zgjidhje.\u201d T\u00eb mbetur pothuaj t\u00eb pashpres\u00eb n\u00eb gjetjen e t\u00eb drejt\u00ebs s\u00eb tyre, shum\u00eb nga protestuesit e gjet\u00ebn veprimin e Qani Mu\u00e7\u00ebs, kryefamiljari q\u00eb q\u00eblloi inspektorin e IMT, si zgjidhjen e vetme q\u00eb pushteti u ka l\u00ebn\u00eb n\u00eb dor\u00eb. Nj\u00ebra nga protestueset u shpreh se e kupton gjendjen n\u00eb t\u00eb cil\u00ebn \u00ebsht\u00eb ndodhur Z.Mu\u00e7a edhe paralajm\u00ebroi se n\u00eb kushte t\u00eb nj\u00ebjta do t\u00eb veproj\u00eb edhe ajo nj\u00ebsoj, pasi kjo do t\u00eb jet\u00eb e vetmja mund\u00ebsi q\u00eb po u lihet banor\u00ebve t\u00eb k\u00ebtyre zonave.\u00a0<\/p>","protected":false},"author":2,"featured_media":16678,"comment_status":"open","ping_status":"open","sticky":false,"template":"","format":"standard","meta":{"episode_type":"","audio_file":"","podmotor_file_id":"","podmotor_episode_id":"","cover_image":"","cover_image_id":"","duration":"","filesize":"","filesize_raw":"","date_recorded":"","explicit":"","block":"","ocean_post_layout":"right-sidebar","ocean_both_sidebars_style":"","ocean_both_sidebars_content_width":0,"ocean_both_sidebars_sidebars_width":0,"ocean_sidebar":"ocs-kryenyje-category-post-sidebar","ocean_second_sidebar":"0","ocean_disable_margins":"enable","ocean_add_body_class":"","ocean_shortcode_before_top_bar":"","ocean_shortcode_after_top_bar":"","ocean_shortcode_before_header":"","ocean_shortcode_after_header":"","ocean_has_shortcode":"","ocean_shortcode_after_title":"","ocean_shortcode_before_footer_widgets":"","ocean_shortcode_after_footer_widgets":"","ocean_shortcode_before_footer_bottom":"","ocean_shortcode_after_footer_bottom":"","ocean_display_top_bar":"default","ocean_display_header":"default","ocean_header_style":"","ocean_center_header_left_menu":"0","ocean_custom_header_template":"0","ocean_custom_logo":0,"ocean_custom_retina_logo":0,"ocean_custom_logo_max_width":0,"ocean_custom_logo_tablet_max_width":0,"ocean_custom_logo_mobile_max_width":0,"ocean_custom_logo_max_height":0,"ocean_custom_logo_tablet_max_height":0,"ocean_custom_logo_mobile_max_height":0,"ocean_header_custom_menu":"0","ocean_menu_typo_font_family":"0","ocean_menu_typo_font_subset":"","ocean_menu_typo_font_size":0,"ocean_menu_typo_font_size_tablet":0,"ocean_menu_typo_font_size_mobile":0,"ocean_menu_typo_font_size_unit":"px","ocean_menu_typo_font_weight":"","ocean_menu_typo_font_weight_tablet":"","ocean_menu_typo_font_weight_mobile":"","ocean_menu_typo_transform":"","ocean_menu_typo_transform_tablet":"","ocean_menu_typo_transform_mobile":"","ocean_menu_typo_line_height":0,"ocean_menu_typo_line_height_tablet":0,"ocean_menu_typo_line_height_mobile":0,"ocean_menu_typo_line_height_unit":"","ocean_menu_typo_spacing":0,"ocean_menu_typo_spacing_tablet":0,"ocean_menu_typo_spacing_mobile":0,"ocean_menu_typo_spacing_unit":"","ocean_menu_link_color":"","ocean_menu_link_color_hover":"","ocean_menu_link_color_active":"","ocean_menu_link_background":"","ocean_menu_link_hover_background":"","ocean_menu_link_active_background":"","ocean_menu_social_links_bg":"","ocean_menu_social_hover_links_bg":"","ocean_menu_social_links_color":"","ocean_menu_social_hover_links_color":"","ocean_disable_title":"default","ocean_disable_heading":"default","ocean_post_title":"","ocean_post_subheading":"","ocean_post_title_style":"","ocean_post_title_background_color":"","ocean_post_title_background":0,"ocean_post_title_bg_image_position":"","ocean_post_title_bg_image_attachment":"","ocean_post_title_bg_image_repeat":"","ocean_post_title_bg_image_size":"","ocean_post_title_height":0,"ocean_post_title_bg_overlay":0.5,"ocean_post_title_bg_overlay_color":"","ocean_disable_breadcrumbs":"default","ocean_breadcrumbs_color":"","ocean_breadcrumbs_separator_color":"","ocean_breadcrumbs_links_color":"","ocean_breadcrumbs_links_hover_color":"","ocean_display_footer_widgets":"default","ocean_display_footer_bottom":"default","ocean_custom_footer_template":"0","ocean_post_oembed":"","ocean_post_self_hosted_media":"","ocean_post_video_embed":"","ocean_link_format":"","ocean_link_format_target":"self","ocean_quote_format":"","ocean_quote_format_link":"post","ocean_gallery_link_images":"off","ocean_gallery_id":[],"footnotes":""},"categories":[4],"tags":[11,382,42,43,383,230,243,255,381],"class_list":["post-16671","post","type-post","status-publish","format-standard","has-post-thumbnail","hentry","category-kryenyje","tag-5-maji","tag-babrru","tag-bashkia-kamez","tag-bashkia-tirane","tag-kodra-e-priftit","tag-paskuqan","tag-prishja-e-shtepive","tag-proteste","tag-shembja-e-shtepive","entry","has-media"],"_links":{"self":[{"href":"https:\/\/nyje.al\/sq\/wp-json\/wp\/v2\/posts\/16671","targetHints":{"allow":["GET"]}}],"collection":[{"href":"https:\/\/nyje.al\/sq\/wp-json\/wp\/v2\/posts"}],"about":[{"href":"https:\/\/nyje.al\/sq\/wp-json\/wp\/v2\/types\/post"}],"author":[{"embeddable":true,"href":"https:\/\/nyje.al\/sq\/wp-json\/wp\/v2\/users\/2"}],"replies":[{"embeddable":true,"href":"https:\/\/nyje.al\/sq\/wp-json\/wp\/v2\/comments?post=16671"}],"version-history":[{"count":12,"href":"https:\/\/nyje.al\/sq\/wp-json\/wp\/v2\/posts\/16671\/revisions"}],"predecessor-version":[{"id":26106,"href":"https:\/\/nyje.al\/sq\/wp-json\/wp\/v2\/posts\/16671\/revisions\/26106"}],"wp:featuredmedia":[{"embeddable":true,"href":"https:\/\/nyje.al\/sq\/wp-json\/wp\/v2\/media\/16678"}],"wp:attachment":[{"href":"https:\/\/nyje.al\/sq\/wp-json\/wp\/v2\/media?parent=16671"}],"wp:term":[{"taxonomy":"category","embeddable":true,"href":"https:\/\/nyje.al\/sq\/wp-json\/wp\/v2\/categories?post=16671"},{"taxonomy":"post_tag","embeddable":true,"href":"https:\/\/nyje.al\/sq\/wp-json\/wp\/v2\/tags?post=16671"}],"curies":[{"name":"wp","href":"https:\/\/api.w.org\/{rel}","templated":true}]}}