{"id":13921,"date":"2022-07-05T21:57:25","date_gmt":"2022-07-05T19:57:25","guid":{"rendered":"https:\/\/nyje.al\/?p=13921"},"modified":"2024-09-27T09:38:27","modified_gmt":"2024-09-27T07:38:27","slug":"thirrje-per-solidaritet-mes-gazetaresh-rama-smund-te-na-e-mbylle-gojen","status":"publish","type":"post","link":"https:\/\/nyje.al\/sq\/thirrje-per-solidaritet-mes-gazetaresh-rama-smund-te-na-e-mbylle-gojen\/","title":{"rendered":"Thirrje p\u00ebr solidaritet mes gazetar\u00ebsh, &#8220;Rama s&#8217;mund t\u00eb na e mbyll\u00eb goj\u00ebn&#8221;"},"content":{"rendered":"<div data-elementor-type=\"wp-post\" data-elementor-id=\"13921\" class=\"elementor elementor-13921\">\n\t\t\t\t\t\t<section class=\"elementor-section elementor-top-section elementor-element elementor-element-69220b3c elementor-section-boxed elementor-section-height-default elementor-section-height-default wpr-particle-no wpr-jarallax-no wpr-parallax-no wpr-sticky-section-no wpr-equal-height-no\" data-id=\"69220b3c\" data-element_type=\"section\" data-e-type=\"section\">\n\t\t\t\t\t\t<div class=\"elementor-container elementor-column-gap-default\">\n\t\t\t\t\t<div class=\"elementor-column elementor-col-100 elementor-top-column elementor-element elementor-element-3ead387a\" data-id=\"3ead387a\" data-element_type=\"column\" data-e-type=\"column\">\n\t\t\t<div class=\"elementor-widget-wrap elementor-element-populated\">\n\t\t\t\t\t\t<div class=\"elementor-element elementor-element-d5fa93e elementor-widget elementor-widget-text-editor\" data-id=\"d5fa93e\" data-element_type=\"widget\" data-e-type=\"widget\" data-widget_type=\"text-editor.default\">\n\t\t\t\t<div class=\"elementor-widget-container\">\n\t\t\t\t\t\t\t\t\t<p style=\"text-align: justify\"><span style=\"font-family: georgia, palatino, serif;font-size: 14pt\"><strong>nyje.al | 05.07.2022<\/strong><\/span><\/p><p style=\"text-align: justify\"><span style=\"font-family: georgia, palatino, serif;font-size: 14pt\">\u201cRiedukimi\u201d, si mas\u00eb nd\u00ebshkimi nga kryeministri Rama, p\u00ebr gazetar\u00ebt q\u00eb i drejtojn\u00eb pyetje q\u00eb nuk i duken t\u00eb p\u00ebrshtatshme nxorri dje n\u00eb shesh nj\u00eb pjes\u00eb prej tyre. Rasti i fundit i gazetarit t\u00eb A2CNN, Klevi Muka, erdhi si akti i rradh\u00ebs i Ram\u00ebs n\u00eb \u201cluft\u00ebn\u201d e tij me median, ose kazanin si\u00e7 preferon ai ta quaj\u00eb. Kjo marr\u00ebdh\u00ebnie e tensionuar q\u00eb n\u00eb ardhjen e Edi Ram\u00ebs n\u00eb postin e kreut t\u00eb q\u00ebveris\u00eb, ka risjell\u00eb her\u00eb pas her\u00eb n\u00eb opinionin publik akte \u201crebelimi\u201d t\u00eb disa gazetar\u00ebve dhe zgjidhje autokratike nga kryeministri. K\u00ebto vendime prej autokrati, p\u00ebr gazetar\u00ebt jan\u00eb t\u00eb papranueshme dhe para Kryeministris\u00eb ato k\u00ebrkuan q\u00eb ti jepet fund k\u00ebsaj qasje.<\/span><\/p><blockquote><p><span style=\"font-family: georgia, palatino, serif;font-size: 14pt\">\u201cNe si gazetar\u00eb jemi mbledhur sot p\u00ebr ti b\u00ebr\u00eb thirrje kryeministrit q\u00eb mos ta kthej\u00eb si standard k\u00ebt\u00eb m\u00ebnyr\u00eb apo k\u00ebt\u00eb metod\u00eb q\u00eb po p\u00ebrdor p\u00ebr t\u00eb nd\u00ebshkuar gazetar\u00ebt. N\u00eb fakt q\u00ebllimi yn\u00eb \u00ebsht\u00eb q\u00eb vet\u00ebm t\u00eb informojm\u00eb opinionin publik dhe duhet t\u00eb jemi t\u00eb lir\u00eb, sigurisht pa c\u00ebnuar normat e etik\u00ebs, q\u00eb t\u00eb drejtojm\u00eb pyetje. Por, nuk \u00ebsht\u00eb aspakt e drejt\u00eb q\u00eb gazetar\u00ebt t\u00eb nd\u00ebshkohen n\u00eb k\u00ebt\u00eb m\u00ebnyr\u00eb.\u201d Fjona \u00c7ela &#8211; Gazetare<\/span><\/p><p><span style=\"font-family: georgia, palatino, serif;font-size: 14pt\">\u201cRasti i fundit i kolegut Muka, q\u00eb kryeministri e d\u00ebnoi m\u00eb t\u00eb ashtuquajturin riedukim nuk mund t\u00eb kthehet n\u00eb precedent p\u00ebr t\u00eb ardhmen, pasi kjo nuk \u00ebsht\u00eb e bazuar n\u00eb asnj\u00eb norm\u00eb ligjore vendase e as nd\u00ebrkomb\u00ebtare t\u00eb njohur deri m\u00eb sot. Ndaj ne i d\u00ebnojm\u00eb ashp\u00ebr k\u00ebto veprime dhe i k\u00ebrkojm\u00eb edhe nj\u00eb her\u00eb t\u00ebrheqjen e menj\u00ebhershme t\u00eb k\u00ebsaj mase ndaj koleg\u00ebve tan\u00eb.\u201d Isa Myzyraj &#8211; Gazetar<\/span><\/p><\/blockquote><figure style=\"text-align: justify\"><br \/><span style=\"font-family: arial, helvetica, sans-serif\"><span style=\"font-size: 14pt\"><a href=\"https:\/\/nyje.al\/wp-content\/uploads\/2022\/07\/Adobe_Express_20220704_2236200.10921892464076899.png\"><img fetchpriority=\"high\" decoding=\"async\" class=\"size-large wp-image-13924\" src=\"https:\/\/nyje.al\/wp-content\/uploads\/2022\/07\/Adobe_Express_20220704_2236200.10921892464076899-1024x683.png\" alt=\"\" width=\"1024\" height=\"683\" srcset=\"https:\/\/nyje.al\/wp-content\/uploads\/2022\/07\/Adobe_Express_20220704_2236200.10921892464076899-1024x683.png 1024w, https:\/\/nyje.al\/wp-content\/uploads\/2022\/07\/Adobe_Express_20220704_2236200.10921892464076899-18x12.png 18w, https:\/\/nyje.al\/wp-content\/uploads\/2022\/07\/Adobe_Express_20220704_2236200.10921892464076899-768x512.png 768w, https:\/\/nyje.al\/wp-content\/uploads\/2022\/07\/Adobe_Express_20220704_2236200.10921892464076899-300x200.png 300w, https:\/\/nyje.al\/wp-content\/uploads\/2022\/07\/Adobe_Express_20220704_2236200.10921892464076899.png 1200w\" sizes=\"(max-width: 1024px) 100vw, 1024px\" \/><\/a><\/span> <span style=\"font-size: 12pt;color: #999999\">Gazetarja Fjona \u00c7ela bashk\u00eb me nj\u00eb kolege mbulojn\u00eb goj\u00ebn me adeziv si akt simbolik, Tiran\u00eb 2022, Ronald Qema<\/span><\/span><figcaption><\/figcaption><figcaption><br \/><br \/><\/figcaption><\/figure><p style=\"text-align: justify\"><span style=\"font-family: georgia, palatino, serif;font-size: 14pt\">P\u00ebrpos k\u00ebrkesave p\u00ebr t\u00ebrheqjen e mas\u00ebs s\u00eb nd\u00ebrmarr\u00eb nga kryeministri, mes t\u00eb pranishm\u00ebve pati dhe nga ata q\u00eb k\u00ebrkuan edhe kund\u00ebr p\u00ebrgjigje ndaj k\u00ebsaj qasje t\u00eb kreut t\u00eb qeveris\u00eb. Aleksand\u00ebr \u00c7ipa, i cili drejton Unionin e Gazetar\u00ebve u b\u00ebri thirrje koleg\u00ebve t\u00eb bojkotojn\u00eb konferencat e n\u00eb k\u00ebt\u00eb m\u00ebnyr\u00eb t\u00eb tregojn\u00eb pavar\u00ebsin\u00eb e tyre.<\/span><\/p><blockquote><p style=\"text-align: justify\"><span style=\"font-family: georgia, palatino, serif;font-size: 14pt\">\u201cUn\u00eb personalisht do tu b\u00ebj apel t\u00eb gjith\u00eb koleg\u00ebve q\u00eb natyrisht ta shikojn\u00eb edhe bojkotin e konferencave dhe k\u00ebt\u00eb duhet ta b\u00ebjn\u00eb p\u00ebr t\u00eb ngritur autoritetin dhe marr\u00ebdh\u00ebnien partneriale q\u00eb kemi ne me pushtetet dhe institucionet e tjera. Nuk jemi ne nj\u00eb pushtet q\u00eb varemi nga pushtetet e tjera, ne jemi nj\u00eb pushtet q\u00eb respektojm\u00eb demokracin\u00eb dhe funksionalitetin e nj\u00eb shoq\u00ebrie demokratike.\u201d Aleksand\u00ebr \u00c7ipa &#8211; Drejtues i Unionit t\u00eb Gazetar\u00ebve Shqiptar\u00eb<\/span><\/p><\/blockquote>\t\t\t\t\t\t\t\t<\/div>\n\t\t\t\t<\/div>\n\t\t\t\t<div class=\"elementor-element elementor-element-d22072a gallery-spacing-custom elementor-widget elementor-widget-image-gallery\" data-id=\"d22072a\" data-element_type=\"widget\" data-e-type=\"widget\" data-widget_type=\"image-gallery.default\">\n\t\t\t\t<div class=\"elementor-widget-container\">\n\t\t\t\t\t\t\t<div class=\"elementor-image-gallery\">\n\t\t\t<div id='gallery-1' class='gallery galleryid-13921 gallery-columns-3 gallery-size-medium_large'><figure class='gallery-item'>\n\t\t\t<div class='gallery-icon landscape'>\n\t\t\t\t<a data-elementor-open-lightbox=\"yes\" data-elementor-lightbox-slideshow=\"d22072a\" data-e-action-hash=\"#elementor-action%3Aaction%3Dlightbox%26settings%3DeyJpZCI6MTM5MzEsInVybCI6Imh0dHBzOlwvXC9ueWplLmFsXC93cC1jb250ZW50XC91cGxvYWRzXC8yMDIyXC8wN1wvQWRvYmVfRXhwcmVzc18yMDIyMDcwNF8yMjQxMzYwLjcyNTIyNTI2MzcxNDg2NTcucG5nIiwic2xpZGVzaG93IjoiZDIyMDcyYSJ9\" href='https:\/\/nyje.al\/wp-content\/uploads\/2022\/07\/Adobe_Express_20220704_2241360.7252252637148657.png'><img decoding=\"async\" width=\"768\" height=\"512\" src=\"https:\/\/nyje.al\/wp-content\/uploads\/2022\/07\/Adobe_Express_20220704_2241360.7252252637148657-768x512.png\" class=\"attachment-medium_large size-medium_large\" alt=\"\" srcset=\"https:\/\/nyje.al\/wp-content\/uploads\/2022\/07\/Adobe_Express_20220704_2241360.7252252637148657-768x512.png 768w, https:\/\/nyje.al\/wp-content\/uploads\/2022\/07\/Adobe_Express_20220704_2241360.7252252637148657-18x12.png 18w, https:\/\/nyje.al\/wp-content\/uploads\/2022\/07\/Adobe_Express_20220704_2241360.7252252637148657-300x200.png 300w, https:\/\/nyje.al\/wp-content\/uploads\/2022\/07\/Adobe_Express_20220704_2241360.7252252637148657-1024x683.png 1024w, https:\/\/nyje.al\/wp-content\/uploads\/2022\/07\/Adobe_Express_20220704_2241360.7252252637148657.png 1200w\" sizes=\"(max-width: 768px) 100vw, 768px\" \/><\/a>\n\t\t\t<\/div><\/figure><figure class='gallery-item'>\n\t\t\t<div class='gallery-icon landscape'>\n\t\t\t\t<a data-elementor-open-lightbox=\"yes\" data-elementor-lightbox-slideshow=\"d22072a\" data-e-action-hash=\"#elementor-action%3Aaction%3Dlightbox%26settings%3DeyJpZCI6MTM5MjksInVybCI6Imh0dHBzOlwvXC9ueWplLmFsXC93cC1jb250ZW50XC91cGxvYWRzXC8yMDIyXC8wN1wvQWRvYmVfRXhwcmVzc18yMDIyMDcwNF8yMjQwMTQwLjIxMDA0MjM4Mjg4MzQxODE0LnBuZyIsInNsaWRlc2hvdyI6ImQyMjA3MmEifQ%3D%3D\" href='https:\/\/nyje.al\/wp-content\/uploads\/2022\/07\/Adobe_Express_20220704_2240140.21004238288341814.png'><img decoding=\"async\" width=\"768\" height=\"512\" src=\"https:\/\/nyje.al\/wp-content\/uploads\/2022\/07\/Adobe_Express_20220704_2240140.21004238288341814-768x512.png\" class=\"attachment-medium_large size-medium_large\" alt=\"\" srcset=\"https:\/\/nyje.al\/wp-content\/uploads\/2022\/07\/Adobe_Express_20220704_2240140.21004238288341814-768x512.png 768w, https:\/\/nyje.al\/wp-content\/uploads\/2022\/07\/Adobe_Express_20220704_2240140.21004238288341814-18x12.png 18w, https:\/\/nyje.al\/wp-content\/uploads\/2022\/07\/Adobe_Express_20220704_2240140.21004238288341814-300x200.png 300w, https:\/\/nyje.al\/wp-content\/uploads\/2022\/07\/Adobe_Express_20220704_2240140.21004238288341814-1024x683.png 1024w, https:\/\/nyje.al\/wp-content\/uploads\/2022\/07\/Adobe_Express_20220704_2240140.21004238288341814.png 1200w\" sizes=\"(max-width: 768px) 100vw, 768px\" \/><\/a>\n\t\t\t<\/div><\/figure><figure class='gallery-item'>\n\t\t\t<div class='gallery-icon landscape'>\n\t\t\t\t<a data-elementor-open-lightbox=\"yes\" data-elementor-lightbox-slideshow=\"d22072a\" data-e-action-hash=\"#elementor-action%3Aaction%3Dlightbox%26settings%3DeyJpZCI6MTM5MzAsInVybCI6Imh0dHBzOlwvXC9ueWplLmFsXC93cC1jb250ZW50XC91cGxvYWRzXC8yMDIyXC8wN1wvQWRvYmVfRXhwcmVzc18yMDIyMDcwNF8yMjQwNTYwLjgyMDE2MzQwNzYyNDMzMTMucG5nIiwic2xpZGVzaG93IjoiZDIyMDcyYSJ9\" href='https:\/\/nyje.al\/wp-content\/uploads\/2022\/07\/Adobe_Express_20220704_2240560.8201634076243313.png'><img loading=\"lazy\" decoding=\"async\" width=\"768\" height=\"512\" src=\"https:\/\/nyje.al\/wp-content\/uploads\/2022\/07\/Adobe_Express_20220704_2240560.8201634076243313-768x512.png\" class=\"attachment-medium_large size-medium_large\" alt=\"\" srcset=\"https:\/\/nyje.al\/wp-content\/uploads\/2022\/07\/Adobe_Express_20220704_2240560.8201634076243313-768x512.png 768w, https:\/\/nyje.al\/wp-content\/uploads\/2022\/07\/Adobe_Express_20220704_2240560.8201634076243313-18x12.png 18w, https:\/\/nyje.al\/wp-content\/uploads\/2022\/07\/Adobe_Express_20220704_2240560.8201634076243313-300x200.png 300w, https:\/\/nyje.al\/wp-content\/uploads\/2022\/07\/Adobe_Express_20220704_2240560.8201634076243313-1024x683.png 1024w, https:\/\/nyje.al\/wp-content\/uploads\/2022\/07\/Adobe_Express_20220704_2240560.8201634076243313.png 1200w\" sizes=\"(max-width: 768px) 100vw, 768px\" \/><\/a>\n\t\t\t<\/div><\/figure><figure class='gallery-item'>\n\t\t\t<div class='gallery-icon landscape'>\n\t\t\t\t<a data-elementor-open-lightbox=\"yes\" data-elementor-lightbox-slideshow=\"d22072a\" data-e-action-hash=\"#elementor-action%3Aaction%3Dlightbox%26settings%3DeyJpZCI6MTM5MjcsInVybCI6Imh0dHBzOlwvXC9ueWplLmFsXC93cC1jb250ZW50XC91cGxvYWRzXC8yMDIyXC8wN1wvQWRvYmVfRXhwcmVzc18yMDIyMDcwNF8yMjM4MTIwLjk1MTg0NzUxMTU1MDcwMTQucG5nIiwic2xpZGVzaG93IjoiZDIyMDcyYSJ9\" data-elementor-lightbox-title=\"Adobe_Express_20220704_2238120.9518475115507014\" href='https:\/\/nyje.al\/wp-content\/uploads\/2022\/07\/Adobe_Express_20220704_2238120.9518475115507014.png'><img loading=\"lazy\" decoding=\"async\" width=\"768\" height=\"512\" src=\"https:\/\/nyje.al\/wp-content\/uploads\/2022\/07\/Adobe_Express_20220704_2238120.9518475115507014-768x512.png\" class=\"attachment-medium_large size-medium_large\" alt=\"\" srcset=\"https:\/\/nyje.al\/wp-content\/uploads\/2022\/07\/Adobe_Express_20220704_2238120.9518475115507014-768x512.png 768w, https:\/\/nyje.al\/wp-content\/uploads\/2022\/07\/Adobe_Express_20220704_2238120.9518475115507014-18x12.png 18w, https:\/\/nyje.al\/wp-content\/uploads\/2022\/07\/Adobe_Express_20220704_2238120.9518475115507014-300x200.png 300w, https:\/\/nyje.al\/wp-content\/uploads\/2022\/07\/Adobe_Express_20220704_2238120.9518475115507014-1024x683.png 1024w, https:\/\/nyje.al\/wp-content\/uploads\/2022\/07\/Adobe_Express_20220704_2238120.9518475115507014.png 1200w\" sizes=\"(max-width: 768px) 100vw, 768px\" \/><\/a>\n\t\t\t<\/div><\/figure><figure class='gallery-item'>\n\t\t\t<div class='gallery-icon landscape'>\n\t\t\t\t<a data-elementor-open-lightbox=\"yes\" data-elementor-lightbox-slideshow=\"d22072a\" data-e-action-hash=\"#elementor-action%3Aaction%3Dlightbox%26settings%3DeyJpZCI6MTM5MjgsInVybCI6Imh0dHBzOlwvXC9ueWplLmFsXC93cC1jb250ZW50XC91cGxvYWRzXC8yMDIyXC8wN1wvQWRvYmVfRXhwcmVzc18yMDIyMDcwNF8yMjM5NDAwLjIxNDAyMTA5NTg3NjkyNzk3LnBuZyIsInNsaWRlc2hvdyI6ImQyMjA3MmEifQ%3D%3D\" data-elementor-lightbox-title=\"Adobe_Express_20220704_2239400.21402109587692797\" href='https:\/\/nyje.al\/wp-content\/uploads\/2022\/07\/Adobe_Express_20220704_2239400.21402109587692797.png'><img loading=\"lazy\" decoding=\"async\" width=\"768\" height=\"512\" src=\"https:\/\/nyje.al\/wp-content\/uploads\/2022\/07\/Adobe_Express_20220704_2239400.21402109587692797-768x512.png\" class=\"attachment-medium_large size-medium_large\" alt=\"\" srcset=\"https:\/\/nyje.al\/wp-content\/uploads\/2022\/07\/Adobe_Express_20220704_2239400.21402109587692797-768x512.png 768w, https:\/\/nyje.al\/wp-content\/uploads\/2022\/07\/Adobe_Express_20220704_2239400.21402109587692797-18x12.png 18w, https:\/\/nyje.al\/wp-content\/uploads\/2022\/07\/Adobe_Express_20220704_2239400.21402109587692797-300x200.png 300w, https:\/\/nyje.al\/wp-content\/uploads\/2022\/07\/Adobe_Express_20220704_2239400.21402109587692797-1024x683.png 1024w, https:\/\/nyje.al\/wp-content\/uploads\/2022\/07\/Adobe_Express_20220704_2239400.21402109587692797.png 1200w\" sizes=\"(max-width: 768px) 100vw, 768px\" \/><\/a>\n\t\t\t<\/div><\/figure><figure class='gallery-item'>\n\t\t\t<div class='gallery-icon landscape'>\n\t\t\t\t<a data-elementor-open-lightbox=\"yes\" data-elementor-lightbox-slideshow=\"d22072a\" data-e-action-hash=\"#elementor-action%3Aaction%3Dlightbox%26settings%3DeyJpZCI6MTM5MjYsInVybCI6Imh0dHBzOlwvXC9ueWplLmFsXC93cC1jb250ZW50XC91cGxvYWRzXC8yMDIyXC8wN1wvQWRvYmVfRXhwcmVzc18yMDIyMDcwNF8yMjM3MDEwLjQ3MjM4MDEyOTIzODEzNzQ0LnBuZyIsInNsaWRlc2hvdyI6ImQyMjA3MmEifQ%3D%3D\" data-elementor-lightbox-title=\"Adobe_Express_20220704_2237010.47238012923813744\" href='https:\/\/nyje.al\/wp-content\/uploads\/2022\/07\/Adobe_Express_20220704_2237010.47238012923813744.png'><img loading=\"lazy\" decoding=\"async\" width=\"768\" height=\"512\" src=\"https:\/\/nyje.al\/wp-content\/uploads\/2022\/07\/Adobe_Express_20220704_2237010.47238012923813744-768x512.png\" class=\"attachment-medium_large size-medium_large\" alt=\"\" srcset=\"https:\/\/nyje.al\/wp-content\/uploads\/2022\/07\/Adobe_Express_20220704_2237010.47238012923813744-768x512.png 768w, https:\/\/nyje.al\/wp-content\/uploads\/2022\/07\/Adobe_Express_20220704_2237010.47238012923813744-18x12.png 18w, https:\/\/nyje.al\/wp-content\/uploads\/2022\/07\/Adobe_Express_20220704_2237010.47238012923813744-300x200.png 300w, https:\/\/nyje.al\/wp-content\/uploads\/2022\/07\/Adobe_Express_20220704_2237010.47238012923813744-1024x683.png 1024w, https:\/\/nyje.al\/wp-content\/uploads\/2022\/07\/Adobe_Express_20220704_2237010.47238012923813744.png 1200w\" sizes=\"(max-width: 768px) 100vw, 768px\" \/><\/a>\n\t\t\t<\/div><\/figure><figure class='gallery-item'>\n\t\t\t<div class='gallery-icon landscape'>\n\t\t\t\t<a data-elementor-open-lightbox=\"yes\" data-elementor-lightbox-slideshow=\"d22072a\" data-e-action-hash=\"#elementor-action%3Aaction%3Dlightbox%26settings%3DeyJpZCI6MTM5MjUsInVybCI6Imh0dHBzOlwvXC9ueWplLmFsXC93cC1jb250ZW50XC91cGxvYWRzXC8yMDIyXC8wN1wvQWRvYmVfRXhwcmVzc18yMDIyMDcwNF8yMjM1MjYwLjU4MzAzOTg1ODI4MTUwMjcucG5nIiwic2xpZGVzaG93IjoiZDIyMDcyYSJ9\" data-elementor-lightbox-title=\"Adobe_Express_20220704_2237010.47238012923813744\" href='https:\/\/nyje.al\/wp-content\/uploads\/2022\/07\/Adobe_Express_20220704_2235260.5830398582815027.png'><img loading=\"lazy\" decoding=\"async\" width=\"768\" height=\"512\" src=\"https:\/\/nyje.al\/wp-content\/uploads\/2022\/07\/Adobe_Express_20220704_2235260.5830398582815027-768x512.png\" class=\"attachment-medium_large size-medium_large\" alt=\"\" srcset=\"https:\/\/nyje.al\/wp-content\/uploads\/2022\/07\/Adobe_Express_20220704_2235260.5830398582815027-768x512.png 768w, https:\/\/nyje.al\/wp-content\/uploads\/2022\/07\/Adobe_Express_20220704_2235260.5830398582815027-18x12.png 18w, https:\/\/nyje.al\/wp-content\/uploads\/2022\/07\/Adobe_Express_20220704_2235260.5830398582815027-300x200.png 300w, https:\/\/nyje.al\/wp-content\/uploads\/2022\/07\/Adobe_Express_20220704_2235260.5830398582815027-1024x683.png 1024w, https:\/\/nyje.al\/wp-content\/uploads\/2022\/07\/Adobe_Express_20220704_2235260.5830398582815027.png 1200w\" sizes=\"(max-width: 768px) 100vw, 768px\" \/><\/a>\n\t\t\t<\/div><\/figure>\n\t\t<\/div>\n\t\t<\/div>\n\t\t\t\t\t\t<\/div>\n\t\t\t\t<\/div>\n\t\t\t\t<div class=\"elementor-element elementor-element-e18961e elementor-widget elementor-widget-text-editor\" data-id=\"e18961e\" data-element_type=\"widget\" data-e-type=\"widget\" data-widget_type=\"text-editor.default\">\n\t\t\t\t<div class=\"elementor-widget-container\">\n\t\t\t\t\t\t\t\t\t<p><span style=\"font-family: georgia, palatino, serif;font-size: 14pt\">N\u00eb mars t\u00eb vitit t\u00eb kaluar, gazetarja Edona Haklaj pati n\u00eb incident me kryeminstrin Rama i cili e shtyu at\u00eb pasi pa q\u00eb nuk po mbante mask\u00eb. N\u00eb rrjet u diskutua p\u00ebr sjelljen e menj\u00ebhershme dhe t\u00eb ashp\u00ebr t\u00eb Ram\u00ebs, q\u00eb mund ti kishte k\u00ebrkuar asaj t\u00eb largohej pa pasur nevoj\u00eb p\u00ebr t\u00eb nd\u00ebrmarr\u00eb akte fizike intimiduese. Haklaj mbr\u00ebmjen e djeshme u shpreh se pati mb\u00ebshtetjen e medias ku punonte, edhe p\u00ebr t\u00eb mbajtur q\u00ebndrim publik por nuk \u00ebsht\u00eb gjithmon\u00eb ky rasti. Ajo u shpreh se cilido qoft\u00eb reagimi i brendsh\u00ebm n\u00eb redaksi, gazetari duhet t\u00eb ket\u00eb dinjitet dhe t\u00eb mbroj\u00eb parimet e tij pa kushte p\u00ebrball\u00eb pushteteve q\u00eb ia v\u00ebshtir\u00ebsojn\u00eb pun\u00ebn.<\/span><\/p><blockquote><p><span style=\"font-family: georgia, palatino, serif;font-size: 14pt\">\u201cPatjet\u00ebr q\u00eb ka raste kur mediat dhe televizonet shpeshher\u00eb i v\u00ebn\u00eb ndoshta n\u00ebn presion edhe gazetar\u00ebt duke mos u dh\u00ebn\u00eb hap\u00ebsir\u00ebn q\u00eb ata t\u00eb k\u00ebmb\u00ebngulin p\u00ebr t\u00eb reaguar ndaj rasteve t\u00eb tilla, por ka raste kur televizionet i mb\u00ebshtesin. Mendoj q\u00eb gazetar\u00ebt n\u00eb \u00e7do rast do t\u00eb duhen t\u00eb p\u00ebrpiqen q\u00eb t\u00eb jen\u00eb z\u00ebri i tyre, z\u00ebri i t\u00eb v\u00ebrtet\u00ebs, t\u00eb k\u00ebmb\u00ebngulin, t\u00eb solidarizohen si\u00e7 n\u00eb rastin e sot\u00ebm, edhe t\u00eb ngren\u00eb z\u00ebrin p\u00ebr t\u00eb mos lejuar asnj\u00ebher\u00eb q\u00eb pushteti, pozita dhe as opozita, t\u00eb mos lejojn\u00eb deformimin e fjal\u00ebs s\u00eb tyr\u00eb dhe as mbytjen e z\u00ebrit, mbyetjen e t\u00eb v\u00ebrtet\u00ebs edhe pyetjeve, gjithmom\u00eb.\u201d Edona Haklaj &#8211; Gazetare<\/span><\/p><\/blockquote><p><span style=\"font-family: georgia, palatino, serif;font-size: 14pt\">Nga ana e kryeministrit nuk ka patur ende nj\u00eb reagim mbi k\u00ebt\u00eb protest\u00eb t\u00eb zhvilluar posht\u00eb zyr\u00ebs s\u00eb tij. P\u00ebr situat\u00ebn, ai postoi t\u00eb diel\u00ebn nj\u00eb seri deklaratash n\u00eb Twitter ku shprehej i pashpres\u00eb nga mos-avancimi i procesit t\u00eb vet\u00ebrregullimit t\u00eb medias dhe se gjithashtu nuk do t\u00eb lejont\u00eb kurr\u00eb at\u00eb \u00e7far\u00eb ai e quajti \u201clirin\u00eb e shkeljes s\u00eb etik\u00ebs\u201d.<\/span><\/p><blockquote><p dir=\"ltr\" lang=\"et\" style=\"text-align: center\"><span style=\"font-family: georgia, palatino, serif;font-size: 14pt\">Si p\u00ebrfundim: Shpifni, g\u00ebnjeni, sajoni, shkruajeni e fliteni shqipen keq sa t\u00eb doni, sepse askush nuk do t&#8217;ju thot\u00eb &#8220;pla\u00e7&#8221;, po mos prisni q\u00eb dhe kur vini p\u00ebr t\u00eb pyetur mua t\u00eb ushtroni publikisht n\u00eb m\u00ebnyr\u00eb t\u00eb p\u00ebrs\u00ebritur lirin\u00eb e shkeljes s\u00eb etik\u00ebs dhe p\u00ebrs\u00ebri t\u00eb jeni t\u00eb mir\u00ebseardhur!<\/span><\/p><p><span style=\"font-family: georgia, palatino, serif;font-size: 14pt\">\u2014 Edi Rama (@ediramaal) <a href=\"https:\/\/twitter.com\/ediramaal\/status\/1543524554794049536?ref_src=twsrc%5Etfw\">July 3, 2022<\/a><\/span><\/p><\/blockquote><p>\u00a0<\/p>\t\t\t\t\t\t\t\t<\/div>\n\t\t\t\t<\/div>\n\t\t\t\t<div class=\"elementor-element elementor-element-7b9a433 elementor-widget elementor-widget-video\" data-id=\"7b9a433\" data-element_type=\"widget\" data-e-type=\"widget\" data-settings=\"{&quot;youtube_url&quot;:&quot;https:\\\/\\\/youtu.be\\\/U2g7QFMfWGs&quot;,&quot;video_type&quot;:&quot;youtube&quot;,&quot;controls&quot;:&quot;yes&quot;}\" data-widget_type=\"video.default\">\n\t\t\t\t<div class=\"elementor-widget-container\">\n\t\t\t\t\t\t\t<div class=\"elementor-wrapper elementor-open-inline\">\n\t\t\t<div class=\"elementor-video\"><\/div>\t\t<\/div>\n\t\t\t\t\t\t<\/div>\n\t\t\t\t<\/div>\n\t\t\t\t\t<\/div>\n\t\t<\/div>\n\t\t\t\t\t<\/div>\n\t\t<\/section>\n\t\t\t\t<\/div>","protected":false},"excerpt":{"rendered":"<p>nyje.al | 05.07.2022 \u201cRiedukimi\u201d, si mas\u00eb nd\u00ebshkimi nga kryeministri Rama, p\u00ebr gazetar\u00ebt q\u00eb i drejtojn\u00eb pyetje q\u00eb nuk i duken t\u00eb p\u00ebrshtatshme nxorri dje n\u00eb shesh nj\u00eb pjes\u00eb prej tyre. Rasti i fundit i gazetarit t\u00eb A2CNN, Klevi Muka, erdhi si akti i rradh\u00ebs i Ram\u00ebs n\u00eb \u201cluft\u00ebn\u201d e tij me median, ose kazanin si\u00e7 preferon ai ta quaj\u00eb. Kjo marr\u00ebdh\u00ebnie e tensionuar q\u00eb n\u00eb ardhjen e Edi Ram\u00ebs n\u00eb postin e kreut t\u00eb q\u00ebveris\u00eb, ka risjell\u00eb her\u00eb pas her\u00eb n\u00eb opinionin publik akte \u201crebelimi\u201d t\u00eb disa gazetar\u00ebve dhe zgjidhje autokratike nga kryeministri. K\u00ebto vendime prej autokrati, p\u00ebr gazetar\u00ebt jan\u00eb t\u00eb papranueshme dhe para Kryeministris\u00eb ato k\u00ebrkuan q\u00eb ti jepet fund k\u00ebsaj qasje. \u201cNe si gazetar\u00eb jemi mbledhur sot p\u00ebr ti b\u00ebr\u00eb thirrje kryeministrit q\u00eb mos ta kthej\u00eb si standard k\u00ebt\u00eb m\u00ebnyr\u00eb apo k\u00ebt\u00eb metod\u00eb q\u00eb po p\u00ebrdor p\u00ebr t\u00eb nd\u00ebshkuar gazetar\u00ebt. N\u00eb fakt q\u00ebllimi yn\u00eb \u00ebsht\u00eb q\u00eb vet\u00ebm t\u00eb informojm\u00eb opinionin publik dhe duhet t\u00eb jemi t\u00eb lir\u00eb, sigurisht pa c\u00ebnuar normat e etik\u00ebs, q\u00eb t\u00eb drejtojm\u00eb pyetje. Por, nuk \u00ebsht\u00eb aspakt e drejt\u00eb q\u00eb gazetar\u00ebt t\u00eb nd\u00ebshkohen n\u00eb k\u00ebt\u00eb m\u00ebnyr\u00eb.\u201d Fjona \u00c7ela &#8211; Gazetare \u201cRasti i fundit i kolegut Muka, q\u00eb kryeministri e d\u00ebnoi m\u00eb t\u00eb ashtuquajturin riedukim nuk mund t\u00eb kthehet n\u00eb precedent p\u00ebr t\u00eb ardhmen, pasi kjo nuk \u00ebsht\u00eb e bazuar n\u00eb asnj\u00eb norm\u00eb ligjore vendase e as nd\u00ebrkomb\u00ebtare t\u00eb njohur deri m\u00eb sot. Ndaj ne i d\u00ebnojm\u00eb ashp\u00ebr k\u00ebto veprime dhe i k\u00ebrkojm\u00eb edhe nj\u00eb her\u00eb t\u00ebrheqjen e menj\u00ebhershme t\u00eb k\u00ebsaj mase ndaj koleg\u00ebve tan\u00eb.\u201d Isa Myzyraj &#8211; Gazetar Gazetarja Fjona \u00c7ela bashk\u00eb me nj\u00eb kolege mbulojn\u00eb goj\u00ebn me adeziv si akt simbolik, Tiran\u00eb 2022, Ronald Qema P\u00ebrpos k\u00ebrkesave p\u00ebr t\u00ebrheqjen e mas\u00ebs s\u00eb nd\u00ebrmarr\u00eb nga kryeministri, mes t\u00eb pranishm\u00ebve pati dhe nga ata q\u00eb k\u00ebrkuan edhe kund\u00ebr p\u00ebrgjigje ndaj k\u00ebsaj qasje t\u00eb kreut t\u00eb qeveris\u00eb. Aleksand\u00ebr \u00c7ipa, i cili drejton Unionin e Gazetar\u00ebve u b\u00ebri thirrje koleg\u00ebve t\u00eb bojkotojn\u00eb konferencat e n\u00eb k\u00ebt\u00eb m\u00ebnyr\u00eb t\u00eb tregojn\u00eb pavar\u00ebsin\u00eb e tyre. \u201cUn\u00eb personalisht do tu b\u00ebj apel t\u00eb gjith\u00eb koleg\u00ebve q\u00eb natyrisht ta shikojn\u00eb edhe bojkotin e konferencave dhe k\u00ebt\u00eb duhet ta b\u00ebjn\u00eb p\u00ebr t\u00eb ngritur autoritetin dhe marr\u00ebdh\u00ebnien partneriale q\u00eb kemi ne me pushtetet dhe institucionet e tjera. Nuk jemi ne nj\u00eb pushtet q\u00eb varemi nga pushtetet e tjera, ne jemi nj\u00eb pushtet q\u00eb respektojm\u00eb demokracin\u00eb dhe funksionalitetin e nj\u00eb shoq\u00ebrie demokratike.\u201d Aleksand\u00ebr \u00c7ipa &#8211; Drejtues i Unionit t\u00eb Gazetar\u00ebve Shqiptar\u00eb N\u00eb mars t\u00eb vitit t\u00eb kaluar, gazetarja Edona Haklaj pati n\u00eb incident me kryeminstrin Rama i cili e shtyu at\u00eb pasi pa q\u00eb nuk po mbante mask\u00eb. N\u00eb rrjet u diskutua p\u00ebr sjelljen e menj\u00ebhershme dhe t\u00eb ashp\u00ebr t\u00eb Ram\u00ebs, q\u00eb mund ti kishte k\u00ebrkuar asaj t\u00eb largohej pa pasur nevoj\u00eb p\u00ebr t\u00eb nd\u00ebrmarr\u00eb akte fizike intimiduese. Haklaj mbr\u00ebmjen e djeshme u shpreh se pati mb\u00ebshtetjen e medias ku punonte, edhe p\u00ebr t\u00eb mbajtur q\u00ebndrim publik por nuk \u00ebsht\u00eb gjithmon\u00eb ky rasti. Ajo u shpreh se cilido qoft\u00eb reagimi i brendsh\u00ebm n\u00eb redaksi, gazetari duhet t\u00eb ket\u00eb dinjitet dhe t\u00eb mbroj\u00eb parimet e tij pa kushte p\u00ebrball\u00eb pushteteve q\u00eb ia v\u00ebshtir\u00ebsojn\u00eb pun\u00ebn. \u201cPatjet\u00ebr q\u00eb ka raste kur mediat dhe televizonet shpeshher\u00eb i v\u00ebn\u00eb ndoshta n\u00ebn presion edhe gazetar\u00ebt duke mos u dh\u00ebn\u00eb hap\u00ebsir\u00ebn q\u00eb ata t\u00eb k\u00ebmb\u00ebngulin p\u00ebr t\u00eb reaguar ndaj rasteve t\u00eb tilla, por ka raste kur televizionet i mb\u00ebshtesin. Mendoj q\u00eb gazetar\u00ebt n\u00eb \u00e7do rast do t\u00eb duhen t\u00eb p\u00ebrpiqen q\u00eb t\u00eb jen\u00eb z\u00ebri i tyre, z\u00ebri i t\u00eb v\u00ebrtet\u00ebs, t\u00eb k\u00ebmb\u00ebngulin, t\u00eb solidarizohen si\u00e7 n\u00eb rastin e sot\u00ebm, edhe t\u00eb ngren\u00eb z\u00ebrin p\u00ebr t\u00eb mos lejuar asnj\u00ebher\u00eb q\u00eb pushteti, pozita dhe as opozita, t\u00eb mos lejojn\u00eb deformimin e fjal\u00ebs s\u00eb tyr\u00eb dhe as mbytjen e z\u00ebrit, mbyetjen e t\u00eb v\u00ebrtet\u00ebs edhe pyetjeve, gjithmom\u00eb.\u201d Edona Haklaj &#8211; Gazetare Nga ana e kryeministrit nuk ka patur ende nj\u00eb reagim mbi k\u00ebt\u00eb protest\u00eb t\u00eb zhvilluar posht\u00eb zyr\u00ebs s\u00eb tij. P\u00ebr situat\u00ebn, ai postoi t\u00eb diel\u00ebn nj\u00eb seri deklaratash n\u00eb Twitter ku shprehej i pashpres\u00eb nga mos-avancimi i procesit t\u00eb vet\u00ebrregullimit t\u00eb medias dhe se gjithashtu nuk do t\u00eb lejont\u00eb kurr\u00eb at\u00eb \u00e7far\u00eb ai e quajti \u201clirin\u00eb e shkeljes s\u00eb etik\u00ebs\u201d. Si p\u00ebrfundim: Shpifni, g\u00ebnjeni, sajoni, shkruajeni e fliteni shqipen keq sa t\u00eb doni, sepse askush nuk do t&#8217;ju thot\u00eb &#8220;pla\u00e7&#8221;, po mos prisni q\u00eb dhe kur vini p\u00ebr t\u00eb pyetur mua t\u00eb ushtroni publikisht n\u00eb m\u00ebnyr\u00eb t\u00eb p\u00ebrs\u00ebritur lirin\u00eb e shkeljes s\u00eb etik\u00ebs dhe p\u00ebrs\u00ebri t\u00eb jeni t\u00eb mir\u00ebseardhur! \u2014 Edi Rama (@ediramaal) July 3, 2022 \u00a0 https:\/\/youtu.be\/U2g7QFMfWGs<\/p>","protected":false},"author":2,"featured_media":13922,"comment_status":"open","ping_status":"open","sticky":false,"template":"","format":"standard","meta":{"episode_type":"audio","audio_file":"","podmotor_file_id":"","podmotor_episode_id":"","cover_image":"","cover_image_id":"","duration":"","filesize":"","filesize_raw":"","date_recorded":"","explicit":"","block":"","ocean_post_layout":"","ocean_both_sidebars_style":"","ocean_both_sidebars_content_width":0,"ocean_both_sidebars_sidebars_width":0,"ocean_sidebar":"ocs-kryenyje-category-post-sidebar","ocean_second_sidebar":"0","ocean_disable_margins":"enable","ocean_add_body_class":"","ocean_shortcode_before_top_bar":"","ocean_shortcode_after_top_bar":"","ocean_shortcode_before_header":"","ocean_shortcode_after_header":"","ocean_has_shortcode":"","ocean_shortcode_after_title":"","ocean_shortcode_before_footer_widgets":"","ocean_shortcode_after_footer_widgets":"","ocean_shortcode_before_footer_bottom":"","ocean_shortcode_after_footer_bottom":"","ocean_display_top_bar":"default","ocean_display_header":"default","ocean_header_style":"","ocean_center_header_left_menu":"0","ocean_custom_header_template":"0","ocean_custom_logo":0,"ocean_custom_retina_logo":0,"ocean_custom_logo_max_width":0,"ocean_custom_logo_tablet_max_width":0,"ocean_custom_logo_mobile_max_width":0,"ocean_custom_logo_max_height":0,"ocean_custom_logo_tablet_max_height":0,"ocean_custom_logo_mobile_max_height":0,"ocean_header_custom_menu":"0","ocean_menu_typo_font_family":"0","ocean_menu_typo_font_subset":"","ocean_menu_typo_font_size":0,"ocean_menu_typo_font_size_tablet":0,"ocean_menu_typo_font_size_mobile":0,"ocean_menu_typo_font_size_unit":"px","ocean_menu_typo_font_weight":"","ocean_menu_typo_font_weight_tablet":"","ocean_menu_typo_font_weight_mobile":"","ocean_menu_typo_transform":"","ocean_menu_typo_transform_tablet":"","ocean_menu_typo_transform_mobile":"","ocean_menu_typo_line_height":0,"ocean_menu_typo_line_height_tablet":0,"ocean_menu_typo_line_height_mobile":0,"ocean_menu_typo_line_height_unit":"","ocean_menu_typo_spacing":0,"ocean_menu_typo_spacing_tablet":0,"ocean_menu_typo_spacing_mobile":0,"ocean_menu_typo_spacing_unit":"","ocean_menu_link_color":"","ocean_menu_link_color_hover":"","ocean_menu_link_color_active":"","ocean_menu_link_background":"","ocean_menu_link_hover_background":"","ocean_menu_link_active_background":"","ocean_menu_social_links_bg":"","ocean_menu_social_hover_links_bg":"","ocean_menu_social_links_color":"","ocean_menu_social_hover_links_color":"","ocean_disable_title":"default","ocean_disable_heading":"default","ocean_post_title":"","ocean_post_subheading":"","ocean_post_title_style":"","ocean_post_title_background_color":"","ocean_post_title_background":0,"ocean_post_title_bg_image_position":"","ocean_post_title_bg_image_attachment":"","ocean_post_title_bg_image_repeat":"","ocean_post_title_bg_image_size":"","ocean_post_title_height":0,"ocean_post_title_bg_overlay":0.5,"ocean_post_title_bg_overlay_color":"","ocean_disable_breadcrumbs":"default","ocean_breadcrumbs_color":"","ocean_breadcrumbs_separator_color":"","ocean_breadcrumbs_links_color":"","ocean_breadcrumbs_links_hover_color":"","ocean_display_footer_widgets":"default","ocean_display_footer_bottom":"default","ocean_custom_footer_template":"0","ocean_post_oembed":"","ocean_post_self_hosted_media":"","ocean_post_video_embed":"","ocean_link_format":"","ocean_link_format_target":"self","ocean_quote_format":"","ocean_quote_format_link":"post","ocean_gallery_link_images":"off","ocean_gallery_id":[],"footnotes":""},"categories":[4],"tags":[17,74,104,109,134,147,157,199,255,276,281,282,285],"class_list":["post-13921","post","type-post","status-publish","format-standard","has-post-thumbnail","hentry","category-kryenyje","tag-aleksander-cipa","tag-edona-haklaj","tag-fjona-cela","tag-gazetaret","tag-isa-myzyraj","tag-klevi-muka","tag-konference","tag-mbyll-gojen","tag-proteste","tag-rama","tag-riedukim","tag-riedukim-i-gazetareve","tag-ronald-qema","entry","has-media"],"_links":{"self":[{"href":"https:\/\/nyje.al\/sq\/wp-json\/wp\/v2\/posts\/13921","targetHints":{"allow":["GET"]}}],"collection":[{"href":"https:\/\/nyje.al\/sq\/wp-json\/wp\/v2\/posts"}],"about":[{"href":"https:\/\/nyje.al\/sq\/wp-json\/wp\/v2\/types\/post"}],"author":[{"embeddable":true,"href":"https:\/\/nyje.al\/sq\/wp-json\/wp\/v2\/users\/2"}],"replies":[{"embeddable":true,"href":"https:\/\/nyje.al\/sq\/wp-json\/wp\/v2\/comments?post=13921"}],"version-history":[{"count":23,"href":"https:\/\/nyje.al\/sq\/wp-json\/wp\/v2\/posts\/13921\/revisions"}],"predecessor-version":[{"id":26078,"href":"https:\/\/nyje.al\/sq\/wp-json\/wp\/v2\/posts\/13921\/revisions\/26078"}],"wp:featuredmedia":[{"embeddable":true,"href":"https:\/\/nyje.al\/sq\/wp-json\/wp\/v2\/media\/13922"}],"wp:attachment":[{"href":"https:\/\/nyje.al\/sq\/wp-json\/wp\/v2\/media?parent=13921"}],"wp:term":[{"taxonomy":"category","embeddable":true,"href":"https:\/\/nyje.al\/sq\/wp-json\/wp\/v2\/categories?post=13921"},{"taxonomy":"post_tag","embeddable":true,"href":"https:\/\/nyje.al\/sq\/wp-json\/wp\/v2\/tags?post=13921"}],"curies":[{"name":"wp","href":"https:\/\/api.w.org\/{rel}","templated":true}]}}