{"id":13467,"date":"2022-05-03T18:58:09","date_gmt":"2022-05-03T16:58:09","guid":{"rendered":"https:\/\/nyje.al\/?p=13467"},"modified":"2024-09-26T15:23:30","modified_gmt":"2024-09-26T13:23:30","slug":"banoret-e-kodres-se-priftit-edhe-sot-ne-proteste-kunder-shembjeve-te-shtepive-te-tyre-te-kthehet-projekti-ku-ka-qene","status":"publish","type":"post","link":"https:\/\/nyje.al\/sq\/banoret-e-kodres-se-priftit-edhe-sot-ne-proteste-kunder-shembjeve-te-shtepive-te-tyre-te-kthehet-projekti-ku-ka-qene\/","title":{"rendered":"Banor\u00ebt e Kodr\u00ebs s\u00eb Priftit edhe sot n\u00eb protest\u00eb  kund\u00ebr sh\u00ebmbjeve t\u00eb sht\u00ebpive t\u00eb tyre: T\u00eb kthehet projekti ku ka q\u00ebn\u00eb"},"content":{"rendered":"<div data-elementor-type=\"wp-post\" data-elementor-id=\"13467\" class=\"elementor elementor-13467\">\n\t\t\t\t\t\t<section class=\"elementor-section elementor-top-section elementor-element elementor-element-1add664d elementor-section-boxed elementor-section-height-default elementor-section-height-default wpr-particle-no wpr-jarallax-no wpr-parallax-no wpr-sticky-section-no wpr-equal-height-no\" data-id=\"1add664d\" data-element_type=\"section\" data-e-type=\"section\">\n\t\t\t\t\t\t<div class=\"elementor-container elementor-column-gap-default\">\n\t\t\t\t\t<div class=\"elementor-column elementor-col-100 elementor-top-column elementor-element elementor-element-1c755416\" data-id=\"1c755416\" data-element_type=\"column\" data-e-type=\"column\">\n\t\t\t<div class=\"elementor-widget-wrap elementor-element-populated\">\n\t\t\t\t\t\t<div class=\"elementor-element elementor-element-4d27d8c elementor-widget elementor-widget-text-editor\" data-id=\"4d27d8c\" data-element_type=\"widget\" data-e-type=\"widget\" data-widget_type=\"text-editor.default\">\n\t\t\t\t<div class=\"elementor-widget-container\">\n\t\t\t\t\t\t\t\t\t<p style=\"text-align: justify\"><span style=\"font-family: georgia, palatino, serif;font-size: 14pt\"><strong>03.05.2022 | nyje.al<\/strong><\/span><\/p><p style=\"text-align: justify\"><span style=\"font-family: georgia, palatino, serif;font-size: 14pt\">Banor\u00ebt e Kodr\u00ebs s\u00eb Priftit protestuan edhe sot kund\u00ebr sh\u00ebmbjeve t\u00eb sht\u00ebpive t\u00eb tyre, n\u00eb m\u00ebnyr\u00eb q\u00eb t&#8217;i hapet rruga nd\u00ebrtimit t\u00eb Unaz\u00ebs s\u00eb Madhe. Procesi i d\u00ebmshp\u00ebrblimit i cili ka nisur, p\u00ebr ta \u00ebsht\u00eb p\u00ebrjashtues dhe l\u00eb pa vler\u00ebsuar mundin e dhjetra banor\u00ebve q\u00eb kan\u00eb punuar p\u00ebr dekada p\u00ebr nd\u00ebrtimin e sht\u00ebpive t\u00eb tyre.<\/span><\/p><p style=\"text-align: justify\"><span style=\"font-family: georgia, palatino, serif;font-size: 14pt\">Banor\u00ebt k\u00ebrkuan q\u00eb projekti i nd\u00ebrtimit t\u00eb Unaz\u00ebs t\u00eb rikthehet ashtu si\u00e7 ka q\u00ebn\u00eb n\u00eb vitet kur ata kan\u00eb nd\u00ebrtuar banesat, pasi nd\u00ebrtimi i tyre ka ardhur pas konfirmimit t\u00eb institucioneve se rruga nuk kalon n\u00eb truallin e tyre.<\/span><\/p><p style=\"text-align: justify\"><span style=\"font-family: georgia, palatino, serif;font-size: 14pt\"><img fetchpriority=\"high\" decoding=\"async\" src=\"http:\/\/nyje.al\/wp-content\/uploads\/2022\/05\/kp4.png\" alt=\"\" width=\"540\" height=\"386\" \/><\/span><\/p>\t\t\t\t\t\t\t\t<\/div>\n\t\t\t\t<\/div>\n\t\t\t\t<div class=\"elementor-element elementor-element-18c908e elementor-widget elementor-widget-text-editor\" data-id=\"18c908e\" data-element_type=\"widget\" data-e-type=\"widget\" data-widget_type=\"text-editor.default\">\n\t\t\t\t<div class=\"elementor-widget-container\">\n\t\t\t\t\t\t\t\t\t<p style=\"text-align: justify\"><span style=\"font-family: georgia, palatino, serif;font-size: 14pt\"><i>\u201cUn\u00eb vet\u00eb kam shkuar n\u00eb Bashki e kam pyetur, n\u00eb \u201999 kur kam bler\u00eb tok\u00ebn, e ma ka shpjeguar nj\u00eb topograf duke m\u00eb th\u00ebn\u00eb s\u00eb n\u00ebse je n\u00eb lindje t\u00eb rrug\u00ebs ekzistente nuk t\u00eb z\u00eb, b\u00ebj\u00eb pa frik\u00eb sht\u00ebpin\u00eb. N\u00eb fund i kam th\u00ebn\u00eb dhe nj\u00eb llaf tjet\u00ebr, i thash nj\u00eb dokument ma jep e mu p\u00ebrgjigj se dokument s\u2019t\u00eb jap dot se nuk e di \u00e7a do b\u00ebj\u00eb qeveria pas 15 vjet\u00ebsh.<\/i><\/span><\/p>\t\t\t\t\t\t\t\t<\/div>\n\t\t\t\t<\/div>\n\t\t\t\t<div class=\"elementor-element elementor-element-96133a8 gallery-spacing-custom elementor-widget elementor-widget-image-gallery\" data-id=\"96133a8\" data-element_type=\"widget\" data-e-type=\"widget\" data-widget_type=\"image-gallery.default\">\n\t\t\t\t<div class=\"elementor-widget-container\">\n\t\t\t\t\t\t\t<div class=\"elementor-image-gallery\">\n\t\t\t<div id='gallery-1' class='gallery galleryid-13467 gallery-columns-3 gallery-size-ocean-thumb-m'><figure class='gallery-item'>\n\t\t\t<div class='gallery-icon landscape'>\n\t\t\t\t<a data-elementor-open-lightbox=\"yes\" data-elementor-lightbox-slideshow=\"96133a8\" data-elementor-lightbox-title=\"Pamje nga Kodra e Priftit\" data-e-action-hash=\"#elementor-action%3Aaction%3Dlightbox%26settings%3DeyJpZCI6MTc0MDEsInVybCI6Imh0dHBzOlwvXC9ueWplLmFsXC93cC1jb250ZW50XC91cGxvYWRzXC8yMDIyXC8wOVwvUGFtamUtbmdhLUtvZHJhLWUtUHJpZnRpdC5qcGciLCJzbGlkZXNob3ciOiI5NjEzM2E4In0%3D\" href='https:\/\/nyje.al\/wp-content\/uploads\/2022\/09\/Pamje-nga-Kodra-e-Priftit.jpg'><img decoding=\"async\" width=\"600\" height=\"600\" src=\"https:\/\/nyje.al\/wp-content\/uploads\/2022\/09\/Pamje-nga-Kodra-e-Priftit-600x600.jpg\" class=\"attachment-ocean-thumb-m size-ocean-thumb-m\" alt=\"\" \/><\/a>\n\t\t\t<\/div><\/figure><figure class='gallery-item'>\n\t\t\t<div class='gallery-icon landscape'>\n\t\t\t\t<a data-elementor-open-lightbox=\"yes\" data-elementor-lightbox-slideshow=\"96133a8\" data-elementor-lightbox-title=\"Banoret e Kondres se Priftit te mbledhur\" data-e-action-hash=\"#elementor-action%3Aaction%3Dlightbox%26settings%3DeyJpZCI6MTc0MDAsInVybCI6Imh0dHBzOlwvXC9ueWplLmFsXC93cC1jb250ZW50XC91cGxvYWRzXC8yMDIyXC8wOVwvQmFub3JldC1lLUtvbmRyZXMtc2UtUHJpZnRpdC10ZS1tYmxlZGh1ci5qcGciLCJzbGlkZXNob3ciOiI5NjEzM2E4In0%3D\" href='https:\/\/nyje.al\/wp-content\/uploads\/2022\/09\/Banoret-e-Kondres-se-Priftit-te-mbledhur.jpg'><img decoding=\"async\" width=\"600\" height=\"600\" src=\"https:\/\/nyje.al\/wp-content\/uploads\/2022\/09\/Banoret-e-Kondres-se-Priftit-te-mbledhur-600x600.jpg\" class=\"attachment-ocean-thumb-m size-ocean-thumb-m\" alt=\"\" \/><\/a>\n\t\t\t<\/div><\/figure><figure class='gallery-item'>\n\t\t\t<div class='gallery-icon landscape'>\n\t\t\t\t<a data-elementor-open-lightbox=\"yes\" data-elementor-lightbox-slideshow=\"96133a8\" data-elementor-lightbox-title=\"Baneoret e Kodres se Priftit\" data-e-action-hash=\"#elementor-action%3Aaction%3Dlightbox%26settings%3DeyJpZCI6MTczOTksInVybCI6Imh0dHBzOlwvXC9ueWplLmFsXC93cC1jb250ZW50XC91cGxvYWRzXC8yMDIyXC8wOVwvQmFuZW9yZXQtZS1Lb2RyZXMtc2UtUHJpZnRpdC5qcGciLCJzbGlkZXNob3ciOiI5NjEzM2E4In0%3D\" href='https:\/\/nyje.al\/wp-content\/uploads\/2022\/09\/Baneoret-e-Kodres-se-Priftit.jpg'><img loading=\"lazy\" decoding=\"async\" width=\"600\" height=\"600\" src=\"https:\/\/nyje.al\/wp-content\/uploads\/2022\/09\/Baneoret-e-Kodres-se-Priftit-600x600.jpg\" class=\"attachment-ocean-thumb-m size-ocean-thumb-m\" alt=\"\" \/><\/a>\n\t\t\t<\/div><\/figure>\n\t\t<\/div>\n\t\t<\/div>\n\t\t\t\t\t\t<\/div>\n\t\t\t\t<\/div>\n\t\t\t\t<div class=\"elementor-element elementor-element-054319a elementor-widget elementor-widget-text-editor\" data-id=\"054319a\" data-element_type=\"widget\" data-e-type=\"widget\" data-widget_type=\"text-editor.default\">\n\t\t\t\t<div class=\"elementor-widget-container\">\n\t\t\t\t\t\t\t\t\t<figure class=\"gallery-item\" style=\"text-align: justify\"><\/figure><p style=\"text-align: justify\"><span style=\"font-family: georgia, palatino, serif;font-size: 14pt\">Banor\u00ebt u mblodh\u00ebn n\u00eb hap\u00ebsir\u00ebn e pa nd\u00ebrtuar pik\u00ebrisht p\u00ebr shkak se dihej q\u00eb do kalonte rruga dhe k\u00ebrkuan q\u00eb Unaza t\u00eb nd\u00ebrtohej aty dhe jo mes banesave.<\/span><\/p><p style=\"text-align: justify\"><span style=\"font-family: georgia, palatino, serif;font-size: 14pt\"><i>\u201cNuk e mora k\u00ebtu, se i nj\u00ebjti pronar ishte, por e mora n\u00eb at\u00eb grop\u00ebn atje. Kalonte projekti se pyet\u00ebm, ne s\u2019jemi aq budallenj. E mora e bona (sht\u00ebpin\u00eb) n\u00eb grop\u00eb, \u00e7\u2019kam hequr un\u00eb shpirti im e di. E kam sht\u00ebpin\u00eb tre kat\u00ebshe dhe kam tre kalamaj. As legalizim as gj\u00eb, duke majt shpres\u00eb se do legalizoheshim se p\u00ebrderisa u legalizuan t\u00eb tjer\u00ebt do legalizoheshim dhe ne. 22 vjesht shpia pa u legalizu.\u201d\u00a0<\/i><\/span><\/p><p style=\"text-align: justify\"><span style=\"font-family: georgia, palatino, serif;font-size: 14pt\"><img loading=\"lazy\" decoding=\"async\" src=\"http:\/\/nyje.al\/wp-content\/uploads\/2022\/05\/kp1.png\" alt=\"\" width=\"543\" height=\"389\" \/><\/span><\/p><p style=\"text-align: justify\"><span style=\"font-family: georgia, palatino, serif;font-size: 14pt\"><b><i>Vonesat n\u00eb legalizim, tregues t\u00eb \u201cloj\u00ebs\u201d me projektin<\/i><\/b><\/span><\/p><p style=\"text-align: justify\"><span style=\"font-family: georgia, palatino, serif;font-size: 14pt\">Projekti i ndryshuar i Unaz\u00ebs s\u00eb Madhe n\u00eb t\u00ebr\u00eb pjes\u00ebt e saj ka q\u00ebn\u00eb argument p\u00ebr t\u00eb gjith\u00eb banor\u00ebt q\u00eb jan\u00eb prekur nga nd\u00ebrtimi i saj. Ashtu si banor\u00ebt e Paskuqanit, edhe banor\u00ebt n\u00eb Kodr\u00ebn e Priftit shprehen se projekti ka ndryshuar dhe k\u00ebt\u00eb sipas tyre ua ka konfirmuar edhe vet\u00eb Drejtori i P\u00ebrgjithsh\u00ebm i Agjencis\u00eb Shtet\u00ebrore t\u00eb Kadastr\u00ebs, Artan Lame n\u00eb takimet e zhvilluara.<\/span><\/p><p style=\"text-align: justify\"><span style=\"font-family: georgia, palatino, serif;font-size: 14pt\"><i>\u201cN\u00eb 2004 doli ligji i legalizimit e n\u00eb 2005 kam paraqitur formularin e legalizimit, kujtohen tani para 2 muajsh e m\u00eb thon\u00eb q\u00eb nuk t\u00eb legalizohet sht\u00ebpia.\u201d<\/i><\/span><\/p><p style=\"text-align: justify\"><span style=\"font-family: georgia, palatino, serif;font-size: 14pt\"><i>\u201cP\u00ebr vonesat n\u00eb legalizim, Zoti Lame na tha se \u00ebsht\u00eb problemi i l\u00ebvizjes s\u00eb projekteve dhe na nxorri hart\u00ebn me 5-6 projekte. Gjithmon\u00eb \u00ebsht\u00eb synuar q\u00eb t\u00eb lihet kjo pjesa k\u00ebtu bosh.\u201d<\/i><\/span><\/p><p style=\"text-align: justify\"><span style=\"font-family: georgia, palatino, serif;font-size: 14pt\"><img loading=\"lazy\" decoding=\"async\" src=\"http:\/\/nyje.al\/wp-content\/uploads\/2022\/05\/kp3.png\" alt=\"\" width=\"547\" height=\"418\" \/><\/span><\/p><p style=\"text-align: justify\"><span style=\"font-family: georgia, palatino, serif;font-size: 14pt\">Banor\u00ebt sot k\u00ebrkuan edhe nj\u00ebher\u00eb rikthimin e rrug\u00ebs aty ku \u00ebsht\u00eb projektuar q\u00eb n\u00eb fillim, n\u00eb m\u00ebnyr\u00eb q\u00eb p\u00ebrve\u00e7 shp\u00ebtimit t\u00eb banesave t\u00eb tyre, edhe kostoja e nd\u00ebrtimit t\u00eb ulet.<\/span><\/p><p style=\"text-align: justify\"><span style=\"font-family: georgia, palatino, serif;font-size: 14pt\"><i>\u201cK\u00ebtu kap 40 sht\u00ebpia andej nga sht\u00ebpia, projekti q\u00eb ka q\u00ebn\u00eb k\u00ebtu, kap 7 sht\u00ebpia. Tashi un\u00eb jam 4 familje, kat\u00ebr her\u00eb 40 familje, 160 familje kurse kat\u00ebr her\u00eb 7 familje, 28 sht\u00ebpia, nj\u00ebsoj \u00ebsht\u00eb kjo?! Ne duam q\u00eb projekti t\u00eb shkoj\u00eb ku ka q\u00ebn\u00eb.\u201d<\/i><\/span><\/p><p style=\"text-align: justify\"><span style=\"font-family: georgia, palatino, serif;font-size: 14pt\"><i>\u201cNa jemi t\u00eb shqet\u00ebsum se nuk po na japin kurrfar zgidhje, as nuk i legalizojn\u00eb as thon\u00eb s\u00eb u japim strehim kun\u2019 e as nuk e kthejn projektin si a kan\u2019. Ata disi duhet me ba, se me i \u00e7it njer\u00ebzit n\u00eb rrug\u00eb t\u00eb madhe, me na lan\u00eb si kafsh\u00ebt, a gjynah. Jena pleq, kalamaj, dy familje kam mren, ku shkoj un\u00eb?!\u00a0\u00a0<\/i><\/span><\/p><p style=\"text-align: justify\"><span style=\"font-family: georgia, palatino, serif;font-size: 14pt\"><i>Asht gabim, me u prish tan ato shpia, tu kan\u2019 veni bosh ktu.\u201d<\/i><\/span><\/p><p style=\"text-align: justify\"><span style=\"font-family: georgia, palatino, serif;font-size: 14pt\"><img loading=\"lazy\" decoding=\"async\" src=\"http:\/\/nyje.al\/wp-content\/uploads\/2022\/05\/kp2.png\" alt=\"\" width=\"542\" height=\"345\" \/><\/span><\/p><p style=\"text-align: justify\"><span style=\"font-family: georgia, palatino, serif;font-size: 14pt\">Nd\u00ebrkoh\u00eb q\u00eb banor\u00ebt protestojn\u00eb, n\u00eb t\u00eb gjitha zonat e Tiran\u00ebs q\u00eb preken nga nd\u00ebrtimi i loteve t\u00eb fundit t\u00eb Tiran\u00ebs si Kodra e Priftit, Paskuqani dhe Lapraka, ende nuk \u00ebsht\u00eb e qart\u00eb n\u00ebse jan\u00eb miratuar lejet e nd\u00ebrtimit t\u00eb k\u00ebtyre segmenteve t\u00eb Unaz\u00ebs s\u00eb Madhe. N\u00eb k\u00ebrkesat tona p\u00ebr informim drejtuar Autoritetit Rrugor Shqiptar dhe institucioneve tjera t\u00eb p\u00ebrfshira hasim neglizhenc\u00eb n\u00eb marrjen e p\u00ebrgjigjeve dhe n\u00eb ato p\u00ebrgjigje q\u00eb marrim informacioni \u00ebsht\u00eb tejet i cunguar.<\/span><\/p>\t\t\t\t\t\t\t\t<\/div>\n\t\t\t\t<\/div>\n\t\t\t\t\t<\/div>\n\t\t<\/div>\n\t\t\t\t\t<\/div>\n\t\t<\/section>\n\t\t\t\t<\/div>","protected":false},"excerpt":{"rendered":"<p>03.05.2022 | nyje.al Banor\u00ebt e Kodr\u00ebs s\u00eb Priftit protestuan edhe sot kund\u00ebr sh\u00ebmbjeve t\u00eb sht\u00ebpive t\u00eb tyre, n\u00eb m\u00ebnyr\u00eb q\u00eb t&#8217;i hapet rruga nd\u00ebrtimit t\u00eb Unaz\u00ebs s\u00eb Madhe. Procesi i d\u00ebmshp\u00ebrblimit i cili ka nisur, p\u00ebr ta \u00ebsht\u00eb p\u00ebrjashtues dhe l\u00eb pa vler\u00ebsuar mundin e dhjetra banor\u00ebve q\u00eb kan\u00eb punuar p\u00ebr dekada p\u00ebr nd\u00ebrtimin e sht\u00ebpive t\u00eb tyre. Banor\u00ebt k\u00ebrkuan q\u00eb projekti i nd\u00ebrtimit t\u00eb Unaz\u00ebs t\u00eb rikthehet ashtu si\u00e7 ka q\u00ebn\u00eb n\u00eb vitet kur ata kan\u00eb nd\u00ebrtuar banesat, pasi nd\u00ebrtimi i tyre ka ardhur pas konfirmimit t\u00eb institucioneve se rruga nuk kalon n\u00eb truallin e tyre. \u201cUn\u00eb vet\u00eb kam shkuar n\u00eb Bashki e kam pyetur, n\u00eb \u201999 kur kam bler\u00eb tok\u00ebn, e ma ka shpjeguar nj\u00eb topograf duke m\u00eb th\u00ebn\u00eb s\u00eb n\u00ebse je n\u00eb lindje t\u00eb rrug\u00ebs ekzistente nuk t\u00eb z\u00eb, b\u00ebj\u00eb pa frik\u00eb sht\u00ebpin\u00eb. N\u00eb fund i kam th\u00ebn\u00eb dhe nj\u00eb llaf tjet\u00ebr, i thash nj\u00eb dokument ma jep e mu p\u00ebrgjigj se dokument s\u2019t\u00eb jap dot se nuk e di \u00e7a do b\u00ebj\u00eb qeveria pas 15 vjet\u00ebsh. Banor\u00ebt u mblodh\u00ebn n\u00eb hap\u00ebsir\u00ebn e pa nd\u00ebrtuar pik\u00ebrisht p\u00ebr shkak se dihej q\u00eb do kalonte rruga dhe k\u00ebrkuan q\u00eb Unaza t\u00eb nd\u00ebrtohej aty dhe jo mes banesave. \u201cNuk e mora k\u00ebtu, se i nj\u00ebjti pronar ishte, por e mora n\u00eb at\u00eb grop\u00ebn atje. Kalonte projekti se pyet\u00ebm, ne s\u2019jemi aq budallenj. E mora e bona (sht\u00ebpin\u00eb) n\u00eb grop\u00eb, \u00e7\u2019kam hequr un\u00eb shpirti im e di. E kam sht\u00ebpin\u00eb tre kat\u00ebshe dhe kam tre kalamaj. As legalizim as gj\u00eb, duke majt shpres\u00eb se do legalizoheshim se p\u00ebrderisa u legalizuan t\u00eb tjer\u00ebt do legalizoheshim dhe ne. 22 vjesht shpia pa u legalizu.\u201d\u00a0 Vonesat n\u00eb legalizim, tregues t\u00eb \u201cloj\u00ebs\u201d me projektin Projekti i ndryshuar i Unaz\u00ebs s\u00eb Madhe n\u00eb t\u00ebr\u00eb pjes\u00ebt e saj ka q\u00ebn\u00eb argument p\u00ebr t\u00eb gjith\u00eb banor\u00ebt q\u00eb jan\u00eb prekur nga nd\u00ebrtimi i saj. Ashtu si banor\u00ebt e Paskuqanit, edhe banor\u00ebt n\u00eb Kodr\u00ebn e Priftit shprehen se projekti ka ndryshuar dhe k\u00ebt\u00eb sipas tyre ua ka konfirmuar edhe vet\u00eb Drejtori i P\u00ebrgjithsh\u00ebm i Agjencis\u00eb Shtet\u00ebrore t\u00eb Kadastr\u00ebs, Artan Lame n\u00eb takimet e zhvilluara. \u201cN\u00eb 2004 doli ligji i legalizimit e n\u00eb 2005 kam paraqitur formularin e legalizimit, kujtohen tani para 2 muajsh e m\u00eb thon\u00eb q\u00eb nuk t\u00eb legalizohet sht\u00ebpia.\u201d \u201cP\u00ebr vonesat n\u00eb legalizim, Zoti Lame na tha se \u00ebsht\u00eb problemi i l\u00ebvizjes s\u00eb projekteve dhe na nxorri hart\u00ebn me 5-6 projekte. Gjithmon\u00eb \u00ebsht\u00eb synuar q\u00eb t\u00eb lihet kjo pjesa k\u00ebtu bosh.\u201d Banor\u00ebt sot k\u00ebrkuan edhe nj\u00ebher\u00eb rikthimin e rrug\u00ebs aty ku \u00ebsht\u00eb projektuar q\u00eb n\u00eb fillim, n\u00eb m\u00ebnyr\u00eb q\u00eb p\u00ebrve\u00e7 shp\u00ebtimit t\u00eb banesave t\u00eb tyre, edhe kostoja e nd\u00ebrtimit t\u00eb ulet. \u201cK\u00ebtu kap 40 sht\u00ebpia andej nga sht\u00ebpia, projekti q\u00eb ka q\u00ebn\u00eb k\u00ebtu, kap 7 sht\u00ebpia. Tashi un\u00eb jam 4 familje, kat\u00ebr her\u00eb 40 familje, 160 familje kurse kat\u00ebr her\u00eb 7 familje, 28 sht\u00ebpia, nj\u00ebsoj \u00ebsht\u00eb kjo?! Ne duam q\u00eb projekti t\u00eb shkoj\u00eb ku ka q\u00ebn\u00eb.\u201d \u201cNa jemi t\u00eb shqet\u00ebsum se nuk po na japin kurrfar zgidhje, as nuk i legalizojn\u00eb as thon\u00eb s\u00eb u japim strehim kun\u2019 e as nuk e kthejn projektin si a kan\u2019. Ata disi duhet me ba, se me i \u00e7it njer\u00ebzit n\u00eb rrug\u00eb t\u00eb madhe, me na lan\u00eb si kafsh\u00ebt, a gjynah. Jena pleq, kalamaj, dy familje kam mren, ku shkoj un\u00eb?!\u00a0\u00a0 Asht gabim, me u prish tan ato shpia, tu kan\u2019 veni bosh ktu.\u201d Nd\u00ebrkoh\u00eb q\u00eb banor\u00ebt protestojn\u00eb, n\u00eb t\u00eb gjitha zonat e Tiran\u00ebs q\u00eb preken nga nd\u00ebrtimi i loteve t\u00eb fundit t\u00eb Tiran\u00ebs si Kodra e Priftit, Paskuqani dhe Lapraka, ende nuk \u00ebsht\u00eb e qart\u00eb n\u00ebse jan\u00eb miratuar lejet e nd\u00ebrtimit t\u00eb k\u00ebtyre segmenteve t\u00eb Unaz\u00ebs s\u00eb Madhe. N\u00eb k\u00ebrkesat tona p\u00ebr informim drejtuar Autoritetit Rrugor Shqiptar dhe institucioneve tjera t\u00eb p\u00ebrfshira hasim neglizhenc\u00eb n\u00eb marrjen e p\u00ebrgjigjeve dhe n\u00eb ato p\u00ebrgjigje q\u00eb marrim informacioni \u00ebsht\u00eb tejet i cunguar.<\/p>","protected":false},"author":2,"featured_media":13475,"comment_status":"open","ping_status":"open","sticky":false,"template":"","format":"standard","meta":{"episode_type":"audio","audio_file":"","podmotor_file_id":"","podmotor_episode_id":"","cover_image":"","cover_image_id":"","duration":"","filesize":"","filesize_raw":"","date_recorded":"","explicit":"","block":"","ocean_post_layout":"","ocean_both_sidebars_style":"","ocean_both_sidebars_content_width":0,"ocean_both_sidebars_sidebars_width":0,"ocean_sidebar":"ocs-kryenyje-category-post-sidebar","ocean_second_sidebar":"0","ocean_disable_margins":"enable","ocean_add_body_class":"","ocean_shortcode_before_top_bar":"","ocean_shortcode_after_top_bar":"","ocean_shortcode_before_header":"","ocean_shortcode_after_header":"","ocean_has_shortcode":"","ocean_shortcode_after_title":"","ocean_shortcode_before_footer_widgets":"","ocean_shortcode_after_footer_widgets":"","ocean_shortcode_before_footer_bottom":"","ocean_shortcode_after_footer_bottom":"","ocean_display_top_bar":"default","ocean_display_header":"default","ocean_header_style":"","ocean_center_header_left_menu":"0","ocean_custom_header_template":"0","ocean_custom_logo":0,"ocean_custom_retina_logo":0,"ocean_custom_logo_max_width":0,"ocean_custom_logo_tablet_max_width":0,"ocean_custom_logo_mobile_max_width":0,"ocean_custom_logo_max_height":0,"ocean_custom_logo_tablet_max_height":0,"ocean_custom_logo_mobile_max_height":0,"ocean_header_custom_menu":"0","ocean_menu_typo_font_family":"0","ocean_menu_typo_font_subset":"","ocean_menu_typo_font_size":0,"ocean_menu_typo_font_size_tablet":0,"ocean_menu_typo_font_size_mobile":0,"ocean_menu_typo_font_size_unit":"px","ocean_menu_typo_font_weight":"","ocean_menu_typo_font_weight_tablet":"","ocean_menu_typo_font_weight_mobile":"","ocean_menu_typo_transform":"","ocean_menu_typo_transform_tablet":"","ocean_menu_typo_transform_mobile":"","ocean_menu_typo_line_height":0,"ocean_menu_typo_line_height_tablet":0,"ocean_menu_typo_line_height_mobile":0,"ocean_menu_typo_line_height_unit":"","ocean_menu_typo_spacing":0,"ocean_menu_typo_spacing_tablet":0,"ocean_menu_typo_spacing_mobile":0,"ocean_menu_typo_spacing_unit":"","ocean_menu_link_color":"","ocean_menu_link_color_hover":"","ocean_menu_link_color_active":"","ocean_menu_link_background":"","ocean_menu_link_hover_background":"","ocean_menu_link_active_background":"","ocean_menu_social_links_bg":"","ocean_menu_social_hover_links_bg":"","ocean_menu_social_links_color":"","ocean_menu_social_hover_links_color":"","ocean_disable_title":"default","ocean_disable_heading":"default","ocean_post_title":"","ocean_post_subheading":"","ocean_post_title_style":"","ocean_post_title_background_color":"","ocean_post_title_background":0,"ocean_post_title_bg_image_position":"","ocean_post_title_bg_image_attachment":"","ocean_post_title_bg_image_repeat":"","ocean_post_title_bg_image_size":"","ocean_post_title_height":0,"ocean_post_title_bg_overlay":0.5,"ocean_post_title_bg_overlay_color":"","ocean_disable_breadcrumbs":"default","ocean_breadcrumbs_color":"","ocean_breadcrumbs_separator_color":"","ocean_breadcrumbs_links_color":"","ocean_breadcrumbs_links_hover_color":"","ocean_display_footer_widgets":"default","ocean_display_footer_bottom":"default","ocean_custom_footer_template":"0","ocean_post_oembed":"","ocean_post_self_hosted_media":"","ocean_post_video_embed":"","ocean_link_format":"","ocean_link_format_target":"self","ocean_quote_format":"","ocean_quote_format_link":"post","ocean_gallery_link_images":"off","ocean_gallery_id":[],"footnotes":""},"categories":[4],"tags":[38,249,255,294,300,329],"class_list":["post-13467","post","type-post","status-publish","format-standard","has-post-thumbnail","hentry","category-kryenyje","tag-banoret-e-kodres-se-priftit","tag-projekti","tag-proteste","tag-shembje","tag-shtepi","tag-unaza-e-madhe","entry","has-media"],"_links":{"self":[{"href":"https:\/\/nyje.al\/sq\/wp-json\/wp\/v2\/posts\/13467","targetHints":{"allow":["GET"]}}],"collection":[{"href":"https:\/\/nyje.al\/sq\/wp-json\/wp\/v2\/posts"}],"about":[{"href":"https:\/\/nyje.al\/sq\/wp-json\/wp\/v2\/types\/post"}],"author":[{"embeddable":true,"href":"https:\/\/nyje.al\/sq\/wp-json\/wp\/v2\/users\/2"}],"replies":[{"embeddable":true,"href":"https:\/\/nyje.al\/sq\/wp-json\/wp\/v2\/comments?post=13467"}],"version-history":[{"count":16,"href":"https:\/\/nyje.al\/sq\/wp-json\/wp\/v2\/posts\/13467\/revisions"}],"predecessor-version":[{"id":26004,"href":"https:\/\/nyje.al\/sq\/wp-json\/wp\/v2\/posts\/13467\/revisions\/26004"}],"wp:featuredmedia":[{"embeddable":true,"href":"https:\/\/nyje.al\/sq\/wp-json\/wp\/v2\/media\/13475"}],"wp:attachment":[{"href":"https:\/\/nyje.al\/sq\/wp-json\/wp\/v2\/media?parent=13467"}],"wp:term":[{"taxonomy":"category","embeddable":true,"href":"https:\/\/nyje.al\/sq\/wp-json\/wp\/v2\/categories?post=13467"},{"taxonomy":"post_tag","embeddable":true,"href":"https:\/\/nyje.al\/sq\/wp-json\/wp\/v2\/tags?post=13467"}],"curies":[{"name":"wp","href":"https:\/\/api.w.org\/{rel}","templated":true}]}}