{"id":13119,"date":"2022-04-07T20:34:29","date_gmt":"2022-04-07T18:34:29","guid":{"rendered":"https:\/\/nyje.al\/?p=13119"},"modified":"2024-09-26T14:56:17","modified_gmt":"2024-09-26T12:56:17","slug":"edhe-endrrat-i-shoh-aty-instalacioni-artistik-qe-solli-rezistencen-e-zall-gjocaj-ne-tirane","status":"publish","type":"post","link":"https:\/\/nyje.al\/sq\/edhe-endrrat-i-shoh-aty-instalacioni-artistik-qe-solli-rezistencen-e-zall-gjocaj-ne-tirane\/","title":{"rendered":"&#8220;Edhe \u00ebndrrat i shoh aty&#8221;, instalacioni artistik q\u00eb solli rezistenc\u00ebn e Zall &#8211; Gjo\u00e7aj n\u00eb Tiran\u00eb"},"content":{"rendered":"<div data-elementor-type=\"wp-post\" data-elementor-id=\"13119\" class=\"elementor elementor-13119\">\n\t\t\t\t\t\t<section class=\"elementor-section elementor-top-section elementor-element elementor-element-509dae9 elementor-section-boxed elementor-section-height-default elementor-section-height-default wpr-particle-no wpr-jarallax-no wpr-parallax-no wpr-sticky-section-no wpr-equal-height-no\" data-id=\"509dae9\" data-element_type=\"section\" data-e-type=\"section\">\n\t\t\t\t\t\t<div class=\"elementor-container elementor-column-gap-default\">\n\t\t\t\t\t<div class=\"elementor-column elementor-col-100 elementor-top-column elementor-element elementor-element-7d4b959\" data-id=\"7d4b959\" data-element_type=\"column\" data-e-type=\"column\">\n\t\t\t<div class=\"elementor-widget-wrap elementor-element-populated\">\n\t\t\t\t\t\t<div class=\"elementor-element elementor-element-306e0f0b elementor-widget elementor-widget-text-editor\" data-id=\"306e0f0b\" data-element_type=\"widget\" data-e-type=\"widget\" data-widget_type=\"text-editor.default\">\n\t\t\t\t<div class=\"elementor-widget-container\">\n\t\t\t\t\t\t\t\t\t<p style=\"text-align: justify\"><span style=\"font-family: georgia, palatino, serif;font-size: 14pt;color: #800000\"><strong>07.04.2022 | nyje.al<\/strong><\/span><\/p><p style=\"text-align: justify\"><span style=\"font-family: georgia, palatino, serif;font-size: 14pt\">Rezistenca frym\u00ebzuese kat\u00ebr vje\u00e7are e Zall-Gjo\u00e7aj \u00ebsht\u00eb rr\u00ebfyer vizualisht p\u00ebrgjat\u00eb jav\u00ebs q\u00eb lam\u00eb pas n\u00eb ambientet e Europe House, n\u00eb Tiran\u00eb. Instalacioni artistik \u201cEdhe \u00ebndrrat i shoh aty!\u201d p\u00ebrgjat\u00eb k\u00ebtyre dit\u00ebve ka pasur v\u00ebmendjen e grupeve e individ\u00ebve t\u00eb ndrysh\u00ebm q\u00eb jetojn\u00eb n\u00eb kryeqytet e q\u00eb jan\u00eb njohur gjer\u00ebsisht me kauz\u00ebn e mbrojtjes s\u00eb lumit Flim nga nd\u00ebrtimi i HEC-it \u201cZais\u201d. Duke p\u00ebrdorur element\u00eb aktual\u00eb t\u00eb l\u00ebvizjes, t\u00eb paraqitur n\u00eb forma t\u00eb ndryshme artistike, ky instalacion sjell me z\u00eb e me figur\u00eb t\u00eb gjith\u00eb betej\u00ebn e banor\u00ebve t\u00eb Zall &#8211; Gjo\u00e7aj dhe aktivst\u00ebve p\u00ebr t\u00eb mbrojtur Parkun Komb\u00ebtar Lur\u00eb &#8211; Mali i Dej\u00ebs.<\/span><\/p><p style=\"text-align: justify\"><span style=\"font-family: georgia, palatino, serif;font-size: 14pt\">\u201c<i>Jan\u00eb p\u00ebrdorur t\u00eb nj\u00ebjtit element\u00eb q\u00eb jan\u00eb p\u00ebrdorur p\u00ebrgjat\u00eb k\u00ebtyre kat\u00ebr vite, jan\u00eb p\u00ebrdorur slogane q\u00eb jan\u00eb krijuar nga vet\u00eb banor\u00ebt dhe aktivistet, por q\u00eb jan\u00eb p\u00ebrkthyer n\u00eb slogane q\u00eb vijn\u00eb n\u00ebp\u00ebr mure LED-i. Pastaj \u00ebsht\u00eb z\u00ebri q\u00eb \u00ebsht\u00eb marr\u00eb nga lumi, gur\u00ebt q\u00eb jan\u00eb mar\u00eb nga zona, bashk\u00eb me tubat t\u00eb cil\u00ebt t\u00eb evokojn\u00eb menj\u00ebher\u00eb shnd\u00ebrrimin e parkut atje.\u00a0<\/i><\/span><\/p><p style=\"text-align: justify\"><span style=\"font-family: georgia, palatino, serif;font-size: 14pt\"><i>Ka gjithashtu imazhe, fotografi q\u00eb dokumentojn\u00eb t\u00eb gjith\u00eb procesin. Dokumentojn\u00eb qoft\u00eb natyr\u00ebn, potencialin turistik q\u00eb ka Parku, gjith\u00eb trajektoren e nd\u00ebrtimit t\u00eb HEC-it t\u00eb shoq\u00ebruar me protesta dhe me l\u00ebvizje gjat\u00eb gjith\u00eb koh\u00ebs, dokumentojn\u00eb mbledhjet e njer\u00ebzve n\u00eb protesta e aksione. Sloganet n\u00eb LED-et i shohim t\u00eb shkruajtura me shkrim dore n\u00ebp\u00ebr pankarta. Dokumentojn\u00eb gjith\u00eb ecurin\u00eb ligjore q\u00eb ka b\u00ebr\u00eb l\u00ebvizja, dokumentojn\u00eb fytyrat e individ\u00ebt q\u00eb jan\u00eb mbrapa k\u00ebsaj l\u00ebvizje, qoft\u00eb banor\u00ebt apo qoft\u00eb aktivist\u00ebt apo mb\u00ebshtet\u00ebs q\u00eb kan\u00eb ndjekur protesta.\u00a0<\/i><\/span><\/p><p style=\"text-align: justify\"><span style=\"font-family: georgia, palatino, serif;font-size: 14pt\"><i>K\u00ebshtu q\u00eb \u00ebsht\u00eb m\u00eb shum\u00eb nj\u00eb p\u00ebrmbledhje dokumentuese e t\u00eb gjith\u00eb procesit, nuk ka element\u00eb t\u00eb rinj, por ka element\u00eb q\u00eb jan\u00eb zhvilluar gjat\u00eb gjith\u00eb koh\u00ebs, t\u00eb mbledhur t\u00eb gjith\u00eb bashk\u00eb.<\/i>\u201d &#8211; <\/span><span style=\"font-size: 12pt\"><strong><span style=\"font-family: georgia, palatino, serif\">Donika \u00c7ina &#8211; Artiste\/Kuratore e Ekspozit\u00ebs<\/span><\/strong><\/span><\/p><figure style=\"text-align: justify\"><span style=\"font-family: georgia, palatino, serif;font-size: 14pt\"><a href=\"https:\/\/nyje.al\/wp-content\/uploads\/2022\/04\/IMG_6189-scaled-1.jpg\"><img fetchpriority=\"high\" decoding=\"async\" class=\"alignnone size-large wp-image-13125\" src=\"https:\/\/nyje.al\/wp-content\/uploads\/2022\/04\/IMG_6189-scaled-1-1024x683.jpg\" alt=\"\" width=\"1024\" height=\"683\" srcset=\"https:\/\/nyje.al\/wp-content\/uploads\/2022\/04\/IMG_6189-scaled-1-1024x683.jpg 1024w, https:\/\/nyje.al\/wp-content\/uploads\/2022\/04\/IMG_6189-scaled-1-18x12.jpg 18w, https:\/\/nyje.al\/wp-content\/uploads\/2022\/04\/IMG_6189-scaled-1-1320x880.jpg 1320w, https:\/\/nyje.al\/wp-content\/uploads\/2022\/04\/IMG_6189-scaled-1-768x512.jpg 768w, https:\/\/nyje.al\/wp-content\/uploads\/2022\/04\/IMG_6189-scaled-1-1536x1024.jpg 1536w, https:\/\/nyje.al\/wp-content\/uploads\/2022\/04\/IMG_6189-scaled-1-2048x1366.jpg 2048w, https:\/\/nyje.al\/wp-content\/uploads\/2022\/04\/IMG_6189-scaled-1-300x200.jpg 300w\" sizes=\"(max-width: 1024px) 100vw, 1024px\" \/><\/a><\/span><\/figure><figure style=\"text-align: justify\"><\/figure><figure style=\"text-align: justify\"><span style=\"font-family: georgia, palatino, serif;font-size: 14pt\"><a href=\"https:\/\/nyje.al\/wp-content\/uploads\/2022\/11\/IMG_6080.jpg\"><img decoding=\"async\" class=\"alignnone size-full wp-image-17670\" src=\"https:\/\/nyje.al\/wp-content\/uploads\/2022\/11\/IMG_6080.jpg\" alt=\"\" width=\"1200\" height=\"800\" srcset=\"https:\/\/nyje.al\/wp-content\/uploads\/2022\/11\/IMG_6080.jpg 1200w, https:\/\/nyje.al\/wp-content\/uploads\/2022\/11\/IMG_6080-768x512.jpg 768w, https:\/\/nyje.al\/wp-content\/uploads\/2022\/11\/IMG_6080-18x12.jpg 18w\" sizes=\"(max-width: 1200px) 100vw, 1200px\" \/><\/a><\/span><\/figure><figure style=\"text-align: justify\"><span style=\"font-family: georgia, palatino, serif;font-size: 14pt\"><a href=\"https:\/\/nyje.al\/wp-content\/uploads\/2022\/04\/IMG_6192-scaled-1.jpg\"><img decoding=\"async\" class=\"alignnone size-large wp-image-13126\" src=\"https:\/\/nyje.al\/wp-content\/uploads\/2022\/04\/IMG_6192-scaled-1-1024x683.jpg\" alt=\"\" width=\"1024\" height=\"683\" srcset=\"https:\/\/nyje.al\/wp-content\/uploads\/2022\/04\/IMG_6192-scaled-1-1024x683.jpg 1024w, https:\/\/nyje.al\/wp-content\/uploads\/2022\/04\/IMG_6192-scaled-1-18x12.jpg 18w, https:\/\/nyje.al\/wp-content\/uploads\/2022\/04\/IMG_6192-scaled-1-1320x880.jpg 1320w, https:\/\/nyje.al\/wp-content\/uploads\/2022\/04\/IMG_6192-scaled-1-768x512.jpg 768w, https:\/\/nyje.al\/wp-content\/uploads\/2022\/04\/IMG_6192-scaled-1-1536x1024.jpg 1536w, https:\/\/nyje.al\/wp-content\/uploads\/2022\/04\/IMG_6192-scaled-1-2048x1366.jpg 2048w, https:\/\/nyje.al\/wp-content\/uploads\/2022\/04\/IMG_6192-scaled-1-300x200.jpg 300w\" sizes=\"(max-width: 1024px) 100vw, 1024px\" \/><\/a><\/span><\/figure><figure style=\"text-align: justify\"><span style=\"font-family: georgia, palatino, serif;font-size: 14pt\"><a href=\"https:\/\/nyje.al\/wp-content\/uploads\/2022\/04\/IMG_6182-scaled-1.jpg\"><img loading=\"lazy\" decoding=\"async\" class=\"alignnone size-large wp-image-13124\" src=\"https:\/\/nyje.al\/wp-content\/uploads\/2022\/04\/IMG_6182-scaled-1-1024x683.jpg\" alt=\"\" width=\"1024\" height=\"683\" srcset=\"https:\/\/nyje.al\/wp-content\/uploads\/2022\/04\/IMG_6182-scaled-1-1024x683.jpg 1024w, https:\/\/nyje.al\/wp-content\/uploads\/2022\/04\/IMG_6182-scaled-1-18x12.jpg 18w, https:\/\/nyje.al\/wp-content\/uploads\/2022\/04\/IMG_6182-scaled-1-1320x880.jpg 1320w, https:\/\/nyje.al\/wp-content\/uploads\/2022\/04\/IMG_6182-scaled-1-768x512.jpg 768w, https:\/\/nyje.al\/wp-content\/uploads\/2022\/04\/IMG_6182-scaled-1-1536x1024.jpg 1536w, https:\/\/nyje.al\/wp-content\/uploads\/2022\/04\/IMG_6182-scaled-1-2048x1366.jpg 2048w, https:\/\/nyje.al\/wp-content\/uploads\/2022\/04\/IMG_6182-scaled-1-300x200.jpg 300w\" sizes=\"(max-width: 1024px) 100vw, 1024px\" \/><\/a><\/span><\/figure><figure style=\"text-align: justify\"><span style=\"font-family: georgia, palatino, serif;font-size: 14pt\"><a href=\"https:\/\/nyje.al\/wp-content\/uploads\/2022\/04\/IMG_6091-scaled-1.jpg\"><img loading=\"lazy\" decoding=\"async\" class=\"alignnone size-large wp-image-13123\" src=\"https:\/\/nyje.al\/wp-content\/uploads\/2022\/04\/IMG_6091-scaled-1-1024x683.jpg\" alt=\"\" width=\"1024\" height=\"683\" srcset=\"https:\/\/nyje.al\/wp-content\/uploads\/2022\/04\/IMG_6091-scaled-1-1024x683.jpg 1024w, https:\/\/nyje.al\/wp-content\/uploads\/2022\/04\/IMG_6091-scaled-1-18x12.jpg 18w, https:\/\/nyje.al\/wp-content\/uploads\/2022\/04\/IMG_6091-scaled-1-1320x880.jpg 1320w, https:\/\/nyje.al\/wp-content\/uploads\/2022\/04\/IMG_6091-scaled-1-768x512.jpg 768w, https:\/\/nyje.al\/wp-content\/uploads\/2022\/04\/IMG_6091-scaled-1-1536x1024.jpg 1536w, https:\/\/nyje.al\/wp-content\/uploads\/2022\/04\/IMG_6091-scaled-1-2048x1366.jpg 2048w, https:\/\/nyje.al\/wp-content\/uploads\/2022\/04\/IMG_6091-scaled-1-300x200.jpg 300w\" sizes=\"(max-width: 1024px) 100vw, 1024px\" \/><\/a><\/span><\/figure><figure style=\"text-align: justify\"><span style=\"font-family: georgia, palatino, serif;font-size: 14pt\"><a href=\"https:\/\/nyje.al\/wp-content\/uploads\/2022\/04\/IMG_6059-scaled-1.jpg\"><img loading=\"lazy\" decoding=\"async\" class=\"alignnone size-large wp-image-13121\" src=\"https:\/\/nyje.al\/wp-content\/uploads\/2022\/04\/IMG_6059-scaled-1-1024x683.jpg\" alt=\"\" width=\"1024\" height=\"683\" srcset=\"https:\/\/nyje.al\/wp-content\/uploads\/2022\/04\/IMG_6059-scaled-1-1024x683.jpg 1024w, https:\/\/nyje.al\/wp-content\/uploads\/2022\/04\/IMG_6059-scaled-1-18x12.jpg 18w, https:\/\/nyje.al\/wp-content\/uploads\/2022\/04\/IMG_6059-scaled-1-1320x880.jpg 1320w, https:\/\/nyje.al\/wp-content\/uploads\/2022\/04\/IMG_6059-scaled-1-768x512.jpg 768w, https:\/\/nyje.al\/wp-content\/uploads\/2022\/04\/IMG_6059-scaled-1-1536x1024.jpg 1536w, https:\/\/nyje.al\/wp-content\/uploads\/2022\/04\/IMG_6059-scaled-1-2048x1366.jpg 2048w, https:\/\/nyje.al\/wp-content\/uploads\/2022\/04\/IMG_6059-scaled-1-300x200.jpg 300w\" sizes=\"(max-width: 1024px) 100vw, 1024px\" \/><\/a><\/span><\/figure><p>\u00a0<\/p><p style=\"text-align: justify\"><span style=\"font-family: georgia, palatino, serif;font-size: 14pt\">Ky instalacion artistik erdhi n\u00eb ambientet e Europe House jo pa q\u00ebllim. Ka disa arsye dhe disa synime se pse ishte zgjedhur ky lokacion nga aktivist\u00ebt e kauz\u00ebs.<\/span><\/p><p style=\"text-align: justify\"><span style=\"font-family: georgia, palatino, serif;font-size: 14pt\">\u201c<i>Si n\u00eb t\u00eb gjitha \u00e7\u00ebshtjet, edhe ato mjedisore, z\u00ebri i banor\u00ebve q\u00eb jan\u00eb larg qendr\u00ebs s\u00eb Tiran\u00ebs mbetet i pa d\u00ebgjuar. E kjo sjell vendimmarrje t\u00eb tilla q\u00eb \u00e7ojn\u00eb edhe n\u00eb shkat\u00ebrrimin e nj\u00eb Parku Komb\u00ebtar, me firma t\u00eb drejtuesve t\u00eb institucioneve dhe ministrash, t\u00eb qendr\u00ebs. Me k\u00ebt\u00eb nd\u00ebrhyrje artistike kemi dashur q\u00eb t\u00eb vijm\u00eb edhe nj\u00eb her\u00eb n\u00eb qend\u00ebr, p\u00ebr t\u2019iu rr\u00ebfyer t\u00eb gjith\u00eb frekuentues\u00ebve t\u00eb k\u00ebtij ambienti rezistenc\u00ebn ton\u00eb kat\u00ebr vje\u00e7are dhe p\u00ebrpjekjen q\u00eb vazhdon p\u00ebr t\u00eb mbrojtur Parkun Komb\u00ebtar Lur\u00eb &#8211; Mali i Dej\u00ebs, p\u00ebr t\u00eb mbrojtur lumin Flim e dhjetra fshatrat n\u00ebp\u00ebr t\u00eb cil\u00ebt kalon.<\/i>\u201d &#8211; <span style=\"font-size: 12pt\"><strong>Aurora Leka &#8211; Aktiviste<\/strong><\/span><\/span><\/p><p style=\"text-align: justify\"><span style=\"font-family: georgia, palatino, serif;font-size: 14pt\"><i>\u201cKa shum\u00eb r\u00ebnd\u00ebsi vendi ku jemi. Synimi jon\u00eb me prezenc\u00ebn ton\u00eb k\u00ebtu \u00ebsht\u00eb pik\u00ebrisht t\u00eb nd\u00ebrgjegj\u00ebsojm\u00eb n\u00eb at\u00eb grup njer\u00ebzish q\u00eb frekuentojn\u00eb Europe House. P\u00ebr t\u00eb th\u00ebn\u00eb q\u00eb jemi pjes\u00eb e Europ\u00ebs, q\u00eb jemi pro atyre vlerave q\u00eb k\u00ebrkohen nga Bashkimi Europian.<\/i><\/span><\/p><p style=\"text-align: justify\"><span style=\"font-family: georgia, palatino, serif;font-size: 14pt\"><i>P\u00ebr t\u00eb qen\u00eb prezent edhe kur thirren njer\u00ebz t\u00eb tjer\u00eb p\u00ebr arsye t\u00eb tjera, qoft\u00eb nga institucionet, qoft\u00eb nga shoq\u00ebria civile, q\u00eb b\u00ebhen kalimtar\u00eb dhe v\u00ebzhgues aktiv t\u00eb k\u00ebtij instalacioni apo k\u00ebsaj kauze.\u00a0<\/i><\/span><\/p><p style=\"text-align: justify\"><span style=\"font-family: georgia, palatino, serif;font-size: 14pt\"><i>Estetika e ekspozit\u00ebs \u00ebsht\u00eb b\u00ebr\u00eb q\u00eb t\u2019i p\u00ebrshtatet ambientit, por n\u00eb t\u00eb nj\u00ebjt\u00ebn koh\u00eb duke ruajtur element\u00ebt autentik\u00eb.\u201d &#8211; <\/i><\/span><span style=\"font-size: 12pt\"><strong><span style=\"font-family: georgia, palatino, serif\">Donika \u00c7ina &#8211; Artiste\/Kuratore e Ekspozit\u00ebs<\/span><\/strong><\/span><\/p><p style=\"text-align: justify\"><span style=\"font-family: georgia, palatino, serif;font-size: 14pt\"><a href=\"https:\/\/nyje.al\/wp-content\/uploads\/2022\/04\/IMG_6239-scaled-1.jpg\"><img loading=\"lazy\" decoding=\"async\" class=\"alignnone size-large wp-image-13130\" src=\"https:\/\/nyje.al\/wp-content\/uploads\/2022\/04\/IMG_6239-scaled-1-1024x683.jpg\" alt=\"\" width=\"1024\" height=\"683\" srcset=\"https:\/\/nyje.al\/wp-content\/uploads\/2022\/04\/IMG_6239-scaled-1-1024x683.jpg 1024w, https:\/\/nyje.al\/wp-content\/uploads\/2022\/04\/IMG_6239-scaled-1-18x12.jpg 18w, https:\/\/nyje.al\/wp-content\/uploads\/2022\/04\/IMG_6239-scaled-1-1320x880.jpg 1320w, https:\/\/nyje.al\/wp-content\/uploads\/2022\/04\/IMG_6239-scaled-1-768x512.jpg 768w, https:\/\/nyje.al\/wp-content\/uploads\/2022\/04\/IMG_6239-scaled-1-1536x1024.jpg 1536w, https:\/\/nyje.al\/wp-content\/uploads\/2022\/04\/IMG_6239-scaled-1-2048x1366.jpg 2048w, https:\/\/nyje.al\/wp-content\/uploads\/2022\/04\/IMG_6239-scaled-1-300x200.jpg 300w\" sizes=\"(max-width: 1024px) 100vw, 1024px\" \/><\/a><\/span><\/p><p style=\"text-align: justify\"><span style=\"font-family: georgia, palatino, serif;font-size: 14pt\">Kjo p\u00ebrmbledhje artistike por edhe dokumentuese i ka sh\u00ebrbyer edhe vet\u00eb aktivist\u00ebve p\u00ebr t\u2019u rikujtuar mbi t\u00eb gjith\u00eb pun\u00ebn e b\u00ebr\u00eb dhe p\u00ebr t\u2019u rimbushur me energji p\u00ebr betej\u00ebn q\u00eb vazhdon.<\/span><\/p><p style=\"text-align: justify\"><span style=\"font-family: georgia, palatino, serif;font-size: 14pt\"><i>\u201cEkspozita pasqyron at\u00eb \u00e7far\u00eb kemi b\u00ebr\u00eb ne, n\u00eb fotografi pash\u00eb momente q\u00eb as nuk m\u00eb kujtoheshin, \u00ebsht\u00eb dokumentuese dhe t\u00eb jep nj\u00eb far\u00eb k\u00ebnaq\u00ebsie kur e sheh gjith\u00eb k\u00ebt\u00eb p\u00ebrpjekje q\u00eb kemi b\u00ebr\u00eb e po b\u00ebjm\u00eb, pavar\u00ebsisht se ende nuk na \u00ebsht\u00eb dh\u00ebn\u00eb e drejta. Nga ky event kemi marr\u00eb dhe kurajo, duke par\u00eb t\u00eb gjith\u00eb njer\u00ebzit q\u00eb vijn\u00eb dhe dalin t\u00eb frym\u00ebzuar nga gjith\u00eb kjo rezistenc\u00eb e jona.\u201d\u00a0 &#8211; <\/i><\/span><strong><span style=\"font-family: georgia, palatino, serif;font-size: 12pt\">Alta Koleci &#8211; Aktiviste e &#8220;Mbro Zall &#8211; Gjo\u00e7aj&#8221;<\/span><\/strong><\/p><p style=\"text-align: justify\"><span style=\"font-family: georgia, palatino, serif;font-size: 14pt\"><strong>Frym\u00ebzim p\u00ebr qytetar\u00ebt dhe aktivist\u00ebt\u00a0<\/strong><\/span><\/p><p style=\"text-align: justify\"><span style=\"font-family: georgia, palatino, serif;font-size: 14pt\"><i>\u201cNga puna e aktivist\u00ebve q\u00eb kam par\u00eb e\u00a0 kam ndjekur nga Zall &#8211; Gjo\u00e7aj, e gjithashtu nga fotot q\u00eb po shoh tek ekspozita, nga dokumentari po edhe nga instalacioni me z\u00ebrat e banor\u00ebve q\u00eb flasin e tregojn\u00eb problemet, personalisht m\u00eb frym\u00ebzon, sepse \u00ebsht\u00eb nj\u00eb nd\u00ebrmarrje e pashembullt rezistence q\u00eb ka vazhduar e vazhdon p\u00ebr vite me rradh\u00eb. Ka nisur n\u00eb terren, pastaj n\u00ebp\u00ebr gjykata, jan\u00eb ndjekur t\u00eb gjitha procedurat me institucionet, protesta t\u00eb vazhdueshme dhe nuk \u00ebsht\u00eb se m\u00eb vjen nd\u00ebrmend ndonj\u00eb rast tjet\u00ebr n\u00eb Shqip\u00ebri ku \u00ebsht\u00eb b\u00ebr\u00eb nj\u00eb pun\u00eb sistematike n\u00eb nj\u00eb l\u00ebvizje t\u00eb till\u00eb.\u00a0<\/i><\/span><\/p><p style=\"text-align: justify\"><span style=\"font-family: georgia, palatino, serif;font-size: 14pt\"><i>Pa banor\u00ebt, n\u00ebse rezistenca nuk vjen nga komuniteti por imponohet nga jasht\u00eb, q\u00eb mundohet t\u00eb importohet n\u00eb komunitet, nuk do t\u00eb ket\u00eb suksese dhe nuk do t\u00eb ket\u00eb jet\u00ebgjat\u00ebsin\u00eb si\u00e7 e ka pasur p\u00ebrshembull rezistenca e Zall &#8211; Gjo\u00e7aj.\u00a0<\/i><\/span><\/p><p style=\"text-align: justify\"><span style=\"font-family: georgia, palatino, serif;font-size: 14pt\"><i>Nga banor\u00ebt, Avdiu ka q\u00ebn\u00eb frym\u00ebzim, me poezit\u00eb e veta e me zellin q\u00eb gjithmon\u00eb ka n\u00ebp\u00ebr protesta, pasionin q\u00eb ia shoh n\u00eb fytyr\u00eb. Q\u00eb n\u00eb momentin e par\u00eb q\u00eb i kam dh\u00ebn\u00eb dor\u00ebn dhe e kam par\u00eb, m\u00eb ka dh\u00ebn\u00eb nj\u00eb energji t\u00eb jasht\u00ebzakonshme.\u201d &#8211; <\/i><\/span><span style=\"font-size: 12pt\"><strong><span style=\"font-family: georgia, palatino, serif\">Arnold Kapinova &#8211; Arkeolog\/Aktivist<\/span><\/strong><\/span><\/p><figure style=\"text-align: justify\"><span style=\"font-family: georgia, palatino, serif;font-size: 14pt\"><a href=\"https:\/\/nyje.al\/wp-content\/uploads\/2022\/04\/IMG_6245-scaled-1.jpg\"><img loading=\"lazy\" decoding=\"async\" class=\"alignnone size-large wp-image-13131\" src=\"https:\/\/nyje.al\/wp-content\/uploads\/2022\/04\/IMG_6245-scaled-1-1024x683.jpg\" alt=\"\" width=\"1024\" height=\"683\" srcset=\"https:\/\/nyje.al\/wp-content\/uploads\/2022\/04\/IMG_6245-scaled-1-1024x683.jpg 1024w, https:\/\/nyje.al\/wp-content\/uploads\/2022\/04\/IMG_6245-scaled-1-18x12.jpg 18w, https:\/\/nyje.al\/wp-content\/uploads\/2022\/04\/IMG_6245-scaled-1-1320x880.jpg 1320w, https:\/\/nyje.al\/wp-content\/uploads\/2022\/04\/IMG_6245-scaled-1-768x512.jpg 768w, https:\/\/nyje.al\/wp-content\/uploads\/2022\/04\/IMG_6245-scaled-1-1536x1024.jpg 1536w, https:\/\/nyje.al\/wp-content\/uploads\/2022\/04\/IMG_6245-scaled-1-2048x1366.jpg 2048w, https:\/\/nyje.al\/wp-content\/uploads\/2022\/04\/IMG_6245-scaled-1-300x200.jpg 300w\" sizes=\"(max-width: 1024px) 100vw, 1024px\" \/><\/a><\/span><\/figure><figure style=\"text-align: justify\"><span style=\"font-family: georgia, palatino, serif;font-size: 14pt\"><a href=\"https:\/\/nyje.al\/wp-content\/uploads\/2022\/04\/IMG_6250-scaled-1.jpg\"><img loading=\"lazy\" decoding=\"async\" class=\"alignnone size-large wp-image-13132\" src=\"https:\/\/nyje.al\/wp-content\/uploads\/2022\/04\/IMG_6250-scaled-1-1024x683.jpg\" alt=\"\" width=\"1024\" height=\"683\" srcset=\"https:\/\/nyje.al\/wp-content\/uploads\/2022\/04\/IMG_6250-scaled-1-1024x683.jpg 1024w, https:\/\/nyje.al\/wp-content\/uploads\/2022\/04\/IMG_6250-scaled-1-18x12.jpg 18w, https:\/\/nyje.al\/wp-content\/uploads\/2022\/04\/IMG_6250-scaled-1-1320x880.jpg 1320w, https:\/\/nyje.al\/wp-content\/uploads\/2022\/04\/IMG_6250-scaled-1-768x512.jpg 768w, https:\/\/nyje.al\/wp-content\/uploads\/2022\/04\/IMG_6250-scaled-1-1536x1024.jpg 1536w, https:\/\/nyje.al\/wp-content\/uploads\/2022\/04\/IMG_6250-scaled-1-2048x1366.jpg 2048w, https:\/\/nyje.al\/wp-content\/uploads\/2022\/04\/IMG_6250-scaled-1-300x200.jpg 300w\" sizes=\"(max-width: 1024px) 100vw, 1024px\" \/><\/a><\/span><\/figure><p style=\"text-align: justify\"><span style=\"font-family: georgia, palatino, serif;font-size: 14pt\">P\u00ebr Arnoldin, po edhe shum\u00eb t\u00eb tjer\u00eb kjo nd\u00ebrhyrje artistike i afroi edhe m\u00eb shum\u00eb me kauz\u00ebn e mbrojtjes s\u00eb Parkut Komb\u00ebtar Zall &#8211; Gjo\u00e7aj.<\/span><br \/><span style=\"font-family: georgia, palatino, serif;font-size: 14pt\">Nd\u00ebr grupimet e pranishme ishte edhe Q\u00ebndresa Qytetare t\u00eb cil\u00ebt, nd\u00ebr t\u00eb tjera angazhime, kan\u00eb krijuar grupimin e aktivist\u00ebve mjedisor\u00eb, si domosdoshm\u00ebri p\u00ebr t\u00eb kuptuar dhe vepruar ndaj d\u00ebmeve q\u00eb po i shkaktohen dhe kanosen hap\u00ebsirave tona.<\/span><\/p><p><span style=\"font-family: georgia, palatino, serif;font-size: 14pt\"><a href=\"https:\/\/nyje.al\/wp-content\/uploads\/2022\/04\/IMG_3548-scaled-1.jpg\"><img loading=\"lazy\" decoding=\"async\" class=\"size-large wp-image-13140\" src=\"https:\/\/nyje.al\/wp-content\/uploads\/2022\/04\/IMG_3548-scaled-1-1024x768.jpg\" alt=\"\" width=\"1024\" height=\"768\" srcset=\"https:\/\/nyje.al\/wp-content\/uploads\/2022\/04\/IMG_3548-scaled-1-1024x768.jpg 1024w, https:\/\/nyje.al\/wp-content\/uploads\/2022\/04\/IMG_3548-scaled-1-16x12.jpg 16w, https:\/\/nyje.al\/wp-content\/uploads\/2022\/04\/IMG_3548-scaled-1-1320x990.jpg 1320w, https:\/\/nyje.al\/wp-content\/uploads\/2022\/04\/IMG_3548-scaled-1-768x576.jpg 768w, https:\/\/nyje.al\/wp-content\/uploads\/2022\/04\/IMG_3548-scaled-1-1536x1152.jpg 1536w, https:\/\/nyje.al\/wp-content\/uploads\/2022\/04\/IMG_3548-scaled-1-2048x1536.jpg 2048w, https:\/\/nyje.al\/wp-content\/uploads\/2022\/04\/IMG_3548-scaled-1-300x225.jpg 300w\" sizes=\"(max-width: 1024px) 100vw, 1024px\" \/><\/a><\/span> <span style=\"font-family: arial, helvetica, sans-serif;font-size: 12pt;color: #999999\">T\u00eb rinjt\u00eb e UNYA gjithashtu vizituan instalacionin artistik, 6 prill, Tiran\u00eb, Ronald Qema<\/span><\/p><div><span style=\"color: #999999;font-family: arial, helvetica, sans-serif\"><span style=\"font-size: 16px\"><br \/><\/span><\/span><p style=\"text-align: justify\"><span style=\"font-family: georgia, palatino, serif;font-size: 14pt\">Sot n\u00eb dit\u00ebn e fundit t\u00eb ekspozimit t\u00eb k\u00ebtij instalacioni pati vizitor\u00eb t\u00eb ndrysh\u00ebm, t\u00eb profesioneve t\u00eb ndryshme ku nj\u00ebra prej tyre ishte gazetarja Fiona \u00c7ela. Pas turit t\u00eb zhviluar nga kuratorja ajo u shpreh:<\/span><\/p><p style=\"text-align: justify\"><span style=\"font-family: georgia, palatino, serif;font-size: 14pt\"><i>\u201cP\u00ebr mua \u00ebsht\u00eb nj\u00eb gjetje ky instalacion, \u00ebsht\u00eb i thjesht\u00eb por ka t\u00eb gjith\u00eb element\u00ebt q\u00eb p\u00ebrfshijn\u00eb k\u00ebt\u00eb \u00e7\u00ebshtje. Duke nisur q\u00eb nga tubat, q\u00eb nga gur\u00ebt, q\u00eb n\u00eb fakt \u00ebsht\u00eb e trisht\u00eb se si her\u00ebn e fundit q\u00eb ne shkuam, p\u00ebr shkak se uji \u00ebsht\u00eb futur n\u00eb tuba kishin mbetur vet\u00ebm gur\u00eb, nuk ishte m\u00eb ajo rrjedha e lumit q\u00eb kemi par\u00eb m\u00eb par\u00eb por kishin mbetur vet\u00ebm gur\u00ebt, q\u00eb disa prej tyre jan\u00eb sjell\u00eb k\u00ebtu.\u00a0<\/i><\/span><\/p><p style=\"text-align: justify\"><span style=\"font-family: georgia, palatino, serif;font-size: 14pt\"><i>Nd\u00ebrkoh\u00eb fotot t\u00eb risjellin edhe nj\u00eb her\u00eb kujtimet e Lumit Flim kur ende rridhte n\u00eb shtrat, sesi uji rridhte i kristalt\u00eb dhe i past\u00ebr n\u00eb shtratin e thar\u00eb. Ky realitet \u00ebsht\u00eb tragjik p\u00ebr ne q\u00eb e kemi prekur, por b\u00ebhet edhe m\u00eb tragjik p\u00ebr banor\u00ebt vendas, q\u00eb e kan\u00eb tashm\u00eb m\u00eb t\u00eb v\u00ebshtir\u00eb jetes\u00ebn.\u201d<\/i><\/span><\/p><p style=\"text-align: justify\"><span style=\"font-family: georgia, palatino, serif;font-size: 14pt\">P\u00ebr krijimin e k\u00ebtij instalacioni kontribuan dhe u b\u00ebn\u00eb bashk\u00eb: Grupi ATA (aktivist\u00eb) duke ofruar material fotografik, material zanor, intervista dhe dokumenta t\u00eb mbledhura gjat\u00eb shtrimit t\u00eb l\u00ebvizjes Mbro Parkun Komb\u00ebtar Zall Gjo\u00e7aj n\u00eb koh\u00eb. Lorin Terezi (regjisor) q\u00eb rr\u00ebfen me filmin e tij \u201cZ\u00ebra nga Lumi\u201d bashk\u00ebpunimin e aktivist\u00ebve t\u00eb Zall Gjo\u00e7aj dhe Grupit ATA n\u00eb mbrojtjen e kauz\u00ebs. Dhe Donika \u00c7ina (artiste vizuale) e cila s\u00eb bashku me gjith\u00eb grupin organizoi dhe kuroi instalacionin.<\/span><\/p><\/div>\t\t\t\t\t\t\t\t<\/div>\n\t\t\t\t<\/div>\n\t\t\t\t\t<\/div>\n\t\t<\/div>\n\t\t\t\t\t<\/div>\n\t\t<\/section>\n\t\t\t\t<\/div>","protected":false},"excerpt":{"rendered":"<p>07.04.2022 | nyje.al Rezistenca frym\u00ebzuese kat\u00ebr vje\u00e7are e Zall-Gjo\u00e7aj \u00ebsht\u00eb rr\u00ebfyer vizualisht p\u00ebrgjat\u00eb jav\u00ebs q\u00eb lam\u00eb pas n\u00eb ambientet e Europe House, n\u00eb Tiran\u00eb. Instalacioni artistik \u201cEdhe \u00ebndrrat i shoh aty!\u201d p\u00ebrgjat\u00eb k\u00ebtyre dit\u00ebve ka pasur v\u00ebmendjen e grupeve e individ\u00ebve t\u00eb ndrysh\u00ebm q\u00eb jetojn\u00eb n\u00eb kryeqytet e q\u00eb jan\u00eb njohur gjer\u00ebsisht me kauz\u00ebn e mbrojtjes s\u00eb lumit Flim nga nd\u00ebrtimi i HEC-it \u201cZais\u201d. Duke p\u00ebrdorur element\u00eb aktual\u00eb t\u00eb l\u00ebvizjes, t\u00eb paraqitur n\u00eb forma t\u00eb ndryshme artistike, ky instalacion sjell me z\u00eb e me figur\u00eb t\u00eb gjith\u00eb betej\u00ebn e banor\u00ebve t\u00eb Zall &#8211; Gjo\u00e7aj dhe aktivst\u00ebve p\u00ebr t\u00eb mbrojtur Parkun Komb\u00ebtar Lur\u00eb &#8211; Mali i Dej\u00ebs. \u201cJan\u00eb p\u00ebrdorur t\u00eb nj\u00ebjtit element\u00eb q\u00eb jan\u00eb p\u00ebrdorur p\u00ebrgjat\u00eb k\u00ebtyre kat\u00ebr vite, jan\u00eb p\u00ebrdorur slogane q\u00eb jan\u00eb krijuar nga vet\u00eb banor\u00ebt dhe aktivistet, por q\u00eb jan\u00eb p\u00ebrkthyer n\u00eb slogane q\u00eb vijn\u00eb n\u00ebp\u00ebr mure LED-i. Pastaj \u00ebsht\u00eb z\u00ebri q\u00eb \u00ebsht\u00eb marr\u00eb nga lumi, gur\u00ebt q\u00eb jan\u00eb mar\u00eb nga zona, bashk\u00eb me tubat t\u00eb cil\u00ebt t\u00eb evokojn\u00eb menj\u00ebher\u00eb shnd\u00ebrrimin e parkut atje.\u00a0 Ka gjithashtu imazhe, fotografi q\u00eb dokumentojn\u00eb t\u00eb gjith\u00eb procesin. Dokumentojn\u00eb qoft\u00eb natyr\u00ebn, potencialin turistik q\u00eb ka Parku, gjith\u00eb trajektoren e nd\u00ebrtimit t\u00eb HEC-it t\u00eb shoq\u00ebruar me protesta dhe me l\u00ebvizje gjat\u00eb gjith\u00eb koh\u00ebs, dokumentojn\u00eb mbledhjet e njer\u00ebzve n\u00eb protesta e aksione. Sloganet n\u00eb LED-et i shohim t\u00eb shkruajtura me shkrim dore n\u00ebp\u00ebr pankarta. Dokumentojn\u00eb gjith\u00eb ecurin\u00eb ligjore q\u00eb ka b\u00ebr\u00eb l\u00ebvizja, dokumentojn\u00eb fytyrat e individ\u00ebt q\u00eb jan\u00eb mbrapa k\u00ebsaj l\u00ebvizje, qoft\u00eb banor\u00ebt apo qoft\u00eb aktivist\u00ebt apo mb\u00ebshtet\u00ebs q\u00eb kan\u00eb ndjekur protesta.\u00a0 K\u00ebshtu q\u00eb \u00ebsht\u00eb m\u00eb shum\u00eb nj\u00eb p\u00ebrmbledhje dokumentuese e t\u00eb gjith\u00eb procesit, nuk ka element\u00eb t\u00eb rinj, por ka element\u00eb q\u00eb jan\u00eb zhvilluar gjat\u00eb gjith\u00eb koh\u00ebs, t\u00eb mbledhur t\u00eb gjith\u00eb bashk\u00eb.\u201d &#8211; Donika \u00c7ina &#8211; Artiste\/Kuratore e Ekspozit\u00ebs \u00a0 Ky instalacion artistik erdhi n\u00eb ambientet e Europe House jo pa q\u00ebllim. Ka disa arsye dhe disa synime se pse ishte zgjedhur ky lokacion nga aktivist\u00ebt e kauz\u00ebs. \u201cSi n\u00eb t\u00eb gjitha \u00e7\u00ebshtjet, edhe ato mjedisore, z\u00ebri i banor\u00ebve q\u00eb jan\u00eb larg qendr\u00ebs s\u00eb Tiran\u00ebs mbetet i pa d\u00ebgjuar. E kjo sjell vendimmarrje t\u00eb tilla q\u00eb \u00e7ojn\u00eb edhe n\u00eb shkat\u00ebrrimin e nj\u00eb Parku Komb\u00ebtar, me firma t\u00eb drejtuesve t\u00eb institucioneve dhe ministrash, t\u00eb qendr\u00ebs. Me k\u00ebt\u00eb nd\u00ebrhyrje artistike kemi dashur q\u00eb t\u00eb vijm\u00eb edhe nj\u00eb her\u00eb n\u00eb qend\u00ebr, p\u00ebr t\u2019iu rr\u00ebfyer t\u00eb gjith\u00eb frekuentues\u00ebve t\u00eb k\u00ebtij ambienti rezistenc\u00ebn ton\u00eb kat\u00ebr vje\u00e7are dhe p\u00ebrpjekjen q\u00eb vazhdon p\u00ebr t\u00eb mbrojtur Parkun Komb\u00ebtar Lur\u00eb &#8211; Mali i Dej\u00ebs, p\u00ebr t\u00eb mbrojtur lumin Flim e dhjetra fshatrat n\u00ebp\u00ebr t\u00eb cil\u00ebt kalon.\u201d &#8211; Aurora Leka &#8211; Aktiviste \u201cKa shum\u00eb r\u00ebnd\u00ebsi vendi ku jemi. Synimi jon\u00eb me prezenc\u00ebn ton\u00eb k\u00ebtu \u00ebsht\u00eb pik\u00ebrisht t\u00eb nd\u00ebrgjegj\u00ebsojm\u00eb n\u00eb at\u00eb grup njer\u00ebzish q\u00eb frekuentojn\u00eb Europe House. P\u00ebr t\u00eb th\u00ebn\u00eb q\u00eb jemi pjes\u00eb e Europ\u00ebs, q\u00eb jemi pro atyre vlerave q\u00eb k\u00ebrkohen nga Bashkimi Europian. P\u00ebr t\u00eb qen\u00eb prezent edhe kur thirren njer\u00ebz t\u00eb tjer\u00eb p\u00ebr arsye t\u00eb tjera, qoft\u00eb nga institucionet, qoft\u00eb nga shoq\u00ebria civile, q\u00eb b\u00ebhen kalimtar\u00eb dhe v\u00ebzhgues aktiv t\u00eb k\u00ebtij instalacioni apo k\u00ebsaj kauze.\u00a0 Estetika e ekspozit\u00ebs \u00ebsht\u00eb b\u00ebr\u00eb q\u00eb t\u2019i p\u00ebrshtatet ambientit, por n\u00eb t\u00eb nj\u00ebjt\u00ebn koh\u00eb duke ruajtur element\u00ebt autentik\u00eb.\u201d &#8211; Donika \u00c7ina &#8211; Artiste\/Kuratore e Ekspozit\u00ebs Kjo p\u00ebrmbledhje artistike por edhe dokumentuese i ka sh\u00ebrbyer edhe vet\u00eb aktivist\u00ebve p\u00ebr t\u2019u rikujtuar mbi t\u00eb gjith\u00eb pun\u00ebn e b\u00ebr\u00eb dhe p\u00ebr t\u2019u rimbushur me energji p\u00ebr betej\u00ebn q\u00eb vazhdon. \u201cEkspozita pasqyron at\u00eb \u00e7far\u00eb kemi b\u00ebr\u00eb ne, n\u00eb fotografi pash\u00eb momente q\u00eb as nuk m\u00eb kujtoheshin, \u00ebsht\u00eb dokumentuese dhe t\u00eb jep nj\u00eb far\u00eb k\u00ebnaq\u00ebsie kur e sheh gjith\u00eb k\u00ebt\u00eb p\u00ebrpjekje q\u00eb kemi b\u00ebr\u00eb e po b\u00ebjm\u00eb, pavar\u00ebsisht se ende nuk na \u00ebsht\u00eb dh\u00ebn\u00eb e drejta. Nga ky event kemi marr\u00eb dhe kurajo, duke par\u00eb t\u00eb gjith\u00eb njer\u00ebzit q\u00eb vijn\u00eb dhe dalin t\u00eb frym\u00ebzuar nga gjith\u00eb kjo rezistenc\u00eb e jona.\u201d\u00a0 &#8211; Alta Koleci &#8211; Aktiviste e &#8220;Mbro Zall &#8211; Gjo\u00e7aj&#8221; Frym\u00ebzim p\u00ebr qytetar\u00ebt dhe aktivist\u00ebt\u00a0 \u201cNga puna e aktivist\u00ebve q\u00eb kam par\u00eb e\u00a0 kam ndjekur nga Zall &#8211; Gjo\u00e7aj, e gjithashtu nga fotot q\u00eb po shoh tek ekspozita, nga dokumentari po edhe nga instalacioni me z\u00ebrat e banor\u00ebve q\u00eb flasin e tregojn\u00eb problemet, personalisht m\u00eb frym\u00ebzon, sepse \u00ebsht\u00eb nj\u00eb nd\u00ebrmarrje e pashembullt rezistence q\u00eb ka vazhduar e vazhdon p\u00ebr vite me rradh\u00eb. Ka nisur n\u00eb terren, pastaj n\u00ebp\u00ebr gjykata, jan\u00eb ndjekur t\u00eb gjitha procedurat me institucionet, protesta t\u00eb vazhdueshme dhe nuk \u00ebsht\u00eb se m\u00eb vjen nd\u00ebrmend ndonj\u00eb rast tjet\u00ebr n\u00eb Shqip\u00ebri ku \u00ebsht\u00eb b\u00ebr\u00eb nj\u00eb pun\u00eb sistematike n\u00eb nj\u00eb l\u00ebvizje t\u00eb till\u00eb.\u00a0 Pa banor\u00ebt, n\u00ebse rezistenca nuk vjen nga komuniteti por imponohet nga jasht\u00eb, q\u00eb mundohet t\u00eb importohet n\u00eb komunitet, nuk do t\u00eb ket\u00eb suksese dhe nuk do t\u00eb ket\u00eb jet\u00ebgjat\u00ebsin\u00eb si\u00e7 e ka pasur p\u00ebrshembull rezistenca e Zall &#8211; Gjo\u00e7aj.\u00a0 Nga banor\u00ebt, Avdiu ka q\u00ebn\u00eb frym\u00ebzim, me poezit\u00eb e veta e me zellin q\u00eb gjithmon\u00eb ka n\u00ebp\u00ebr protesta, pasionin q\u00eb ia shoh n\u00eb fytyr\u00eb. Q\u00eb n\u00eb momentin e par\u00eb q\u00eb i kam dh\u00ebn\u00eb dor\u00ebn dhe e kam par\u00eb, m\u00eb ka dh\u00ebn\u00eb nj\u00eb energji t\u00eb jasht\u00ebzakonshme.\u201d &#8211; Arnold Kapinova &#8211; Arkeolog\/Aktivist P\u00ebr Arnoldin, po edhe shum\u00eb t\u00eb tjer\u00eb kjo nd\u00ebrhyrje artistike i afroi edhe m\u00eb shum\u00eb me kauz\u00ebn e mbrojtjes s\u00eb Parkut Komb\u00ebtar Zall &#8211; Gjo\u00e7aj.Nd\u00ebr grupimet e pranishme ishte edhe Q\u00ebndresa Qytetare t\u00eb cil\u00ebt, nd\u00ebr t\u00eb tjera angazhime, kan\u00eb krijuar grupimin e aktivist\u00ebve mjedisor\u00eb, si domosdoshm\u00ebri p\u00ebr t\u00eb kuptuar dhe vepruar ndaj d\u00ebmeve q\u00eb po i shkaktohen dhe kanosen hap\u00ebsirave tona. T\u00eb rinjt\u00eb e UNYA gjithashtu vizituan instalacionin artistik, 6 prill, Tiran\u00eb, Ronald Qema Sot n\u00eb dit\u00ebn e fundit t\u00eb ekspozimit t\u00eb k\u00ebtij instalacioni pati vizitor\u00eb t\u00eb ndrysh\u00ebm, t\u00eb profesioneve t\u00eb ndryshme ku nj\u00ebra prej tyre ishte gazetarja Fiona \u00c7ela. Pas turit t\u00eb zhviluar nga kuratorja ajo u shpreh: \u201cP\u00ebr mua \u00ebsht\u00eb nj\u00eb gjetje ky instalacion, \u00ebsht\u00eb i thjesht\u00eb por ka t\u00eb gjith\u00eb element\u00ebt q\u00eb p\u00ebrfshijn\u00eb k\u00ebt\u00eb \u00e7\u00ebshtje. Duke nisur q\u00eb nga tubat, q\u00eb nga gur\u00ebt, q\u00eb n\u00eb fakt \u00ebsht\u00eb e trisht\u00eb se si her\u00ebn e fundit q\u00eb ne shkuam, p\u00ebr shkak se uji \u00ebsht\u00eb futur n\u00eb tuba kishin mbetur vet\u00ebm gur\u00eb, nuk ishte m\u00eb ajo rrjedha e lumit q\u00eb kemi par\u00eb m\u00eb par\u00eb por kishin mbetur vet\u00ebm gur\u00ebt, q\u00eb<\/p>","protected":false},"author":2,"featured_media":13139,"comment_status":"open","ping_status":"open","sticky":false,"template":"","format":"standard","meta":{"episode_type":"","audio_file":"","podmotor_file_id":"","podmotor_episode_id":"","cover_image":"","cover_image_id":"","duration":"","filesize":"","filesize_raw":"","date_recorded":"","explicit":"","block":"","ocean_post_layout":"right-sidebar","ocean_both_sidebars_style":"","ocean_both_sidebars_content_width":0,"ocean_both_sidebars_sidebars_width":0,"ocean_sidebar":"ocs-kryenyje-category-post-sidebar","ocean_second_sidebar":"0","ocean_disable_margins":"enable","ocean_add_body_class":"","ocean_shortcode_before_top_bar":"","ocean_shortcode_after_top_bar":"","ocean_shortcode_before_header":"","ocean_shortcode_after_header":"","ocean_has_shortcode":"","ocean_shortcode_after_title":"","ocean_shortcode_before_footer_widgets":"","ocean_shortcode_after_footer_widgets":"","ocean_shortcode_before_footer_bottom":"","ocean_shortcode_after_footer_bottom":"","ocean_display_top_bar":"default","ocean_display_header":"default","ocean_header_style":"","ocean_center_header_left_menu":"0","ocean_custom_header_template":"0","ocean_custom_logo":0,"ocean_custom_retina_logo":0,"ocean_custom_logo_max_width":0,"ocean_custom_logo_tablet_max_width":0,"ocean_custom_logo_mobile_max_width":0,"ocean_custom_logo_max_height":0,"ocean_custom_logo_tablet_max_height":0,"ocean_custom_logo_mobile_max_height":0,"ocean_header_custom_menu":"0","ocean_menu_typo_font_family":"0","ocean_menu_typo_font_subset":"","ocean_menu_typo_font_size":0,"ocean_menu_typo_font_size_tablet":0,"ocean_menu_typo_font_size_mobile":0,"ocean_menu_typo_font_size_unit":"px","ocean_menu_typo_font_weight":"","ocean_menu_typo_font_weight_tablet":"","ocean_menu_typo_font_weight_mobile":"","ocean_menu_typo_transform":"","ocean_menu_typo_transform_tablet":"","ocean_menu_typo_transform_mobile":"","ocean_menu_typo_line_height":0,"ocean_menu_typo_line_height_tablet":0,"ocean_menu_typo_line_height_mobile":0,"ocean_menu_typo_line_height_unit":"","ocean_menu_typo_spacing":0,"ocean_menu_typo_spacing_tablet":0,"ocean_menu_typo_spacing_mobile":0,"ocean_menu_typo_spacing_unit":"","ocean_menu_link_color":"","ocean_menu_link_color_hover":"","ocean_menu_link_color_active":"","ocean_menu_link_background":"","ocean_menu_link_hover_background":"","ocean_menu_link_active_background":"","ocean_menu_social_links_bg":"","ocean_menu_social_hover_links_bg":"","ocean_menu_social_links_color":"","ocean_menu_social_hover_links_color":"","ocean_disable_title":"default","ocean_disable_heading":"default","ocean_post_title":"","ocean_post_subheading":"","ocean_post_title_style":"","ocean_post_title_background_color":"","ocean_post_title_background":0,"ocean_post_title_bg_image_position":"","ocean_post_title_bg_image_attachment":"","ocean_post_title_bg_image_repeat":"","ocean_post_title_bg_image_size":"","ocean_post_title_height":0,"ocean_post_title_bg_overlay":0.5,"ocean_post_title_bg_overlay_color":"","ocean_disable_breadcrumbs":"default","ocean_breadcrumbs_color":"","ocean_breadcrumbs_separator_color":"","ocean_breadcrumbs_links_color":"","ocean_breadcrumbs_links_hover_color":"","ocean_display_footer_widgets":"default","ocean_display_footer_bottom":"default","ocean_custom_footer_template":"0","ocean_post_oembed":"","ocean_post_self_hosted_media":"","ocean_post_video_embed":"","ocean_link_format":"","ocean_link_format_target":"self","ocean_quote_format":"","ocean_quote_format_link":"post","ocean_gallery_link_images":"off","ocean_gallery_id":[],"footnotes":""},"categories":[4],"tags":[15,26,37,66,77,92,101,130,197,221,279,350],"class_list":["post-13119","post","type-post","status-publish","format-standard","has-post-thumbnail","hentry","category-kryenyje","tag-aktiviste","tag-arnold-kapinova","tag-banore","tag-donika-cina","tag-ekspozite","tag-europe-house","tag-fiona-cela","tag-instalacion-artistik","tag-mbro-zall-gjocaj","tag-oark-kombetar","tag-rezistence","tag-zall-gjocaj","entry","has-media"],"_links":{"self":[{"href":"https:\/\/nyje.al\/sq\/wp-json\/wp\/v2\/posts\/13119","targetHints":{"allow":["GET"]}}],"collection":[{"href":"https:\/\/nyje.al\/sq\/wp-json\/wp\/v2\/posts"}],"about":[{"href":"https:\/\/nyje.al\/sq\/wp-json\/wp\/v2\/types\/post"}],"author":[{"embeddable":true,"href":"https:\/\/nyje.al\/sq\/wp-json\/wp\/v2\/users\/2"}],"replies":[{"embeddable":true,"href":"https:\/\/nyje.al\/sq\/wp-json\/wp\/v2\/comments?post=13119"}],"version-history":[{"count":20,"href":"https:\/\/nyje.al\/sq\/wp-json\/wp\/v2\/posts\/13119\/revisions"}],"predecessor-version":[{"id":25979,"href":"https:\/\/nyje.al\/sq\/wp-json\/wp\/v2\/posts\/13119\/revisions\/25979"}],"wp:featuredmedia":[{"embeddable":true,"href":"https:\/\/nyje.al\/sq\/wp-json\/wp\/v2\/media\/13139"}],"wp:attachment":[{"href":"https:\/\/nyje.al\/sq\/wp-json\/wp\/v2\/media?parent=13119"}],"wp:term":[{"taxonomy":"category","embeddable":true,"href":"https:\/\/nyje.al\/sq\/wp-json\/wp\/v2\/categories?post=13119"},{"taxonomy":"post_tag","embeddable":true,"href":"https:\/\/nyje.al\/sq\/wp-json\/wp\/v2\/tags?post=13119"}],"curies":[{"name":"wp","href":"https:\/\/api.w.org\/{rel}","templated":true}]}}