{"id":12146,"date":"2022-01-21T23:00:04","date_gmt":"2022-01-21T21:00:04","guid":{"rendered":"https:\/\/nyje.al\/?p=12146"},"modified":"2024-09-26T11:58:06","modified_gmt":"2024-09-26T09:58:06","slug":"zall-gjocaj-ne-gjykate-te-larte-banoret-demi-i-pakthyeshem-i-shkaktohet-mjedisit-jo-firmes-koncensionare","status":"publish","type":"post","link":"https:\/\/nyje.al\/sq\/zall-gjocaj-ne-gjykate-te-larte-banoret-demi-i-pakthyeshem-i-shkaktohet-mjedisit-jo-firmes-koncensionare\/","title":{"rendered":"Zall-Gjo\u00e7aj n\u00eb Gjykat\u00eb t\u00eb Lart\u00eb, banor\u00ebt: \u201cD\u00ebmi i pakthyesh\u00ebm i shkaktohet mjedisit, jo firm\u00ebs kon\u00e7ensionare\u201d"},"content":{"rendered":"<div data-elementor-type=\"wp-post\" data-elementor-id=\"12146\" class=\"elementor elementor-12146\">\n\t\t\t\t<div class=\"elementor-element elementor-element-308743ce e-flex e-con-boxed wpr-particle-no wpr-jarallax-no wpr-parallax-no wpr-sticky-section-no wpr-equal-height-no e-con e-parent\" data-id=\"308743ce\" data-element_type=\"container\" data-e-type=\"container\">\n\t\t\t\t\t<div class=\"e-con-inner\">\n\t\t\t\t<div class=\"elementor-element elementor-element-5dc5e7bb elementor-widget elementor-widget-text-editor\" data-id=\"5dc5e7bb\" data-element_type=\"widget\" data-e-type=\"widget\" data-widget_type=\"text-editor.default\">\n\t\t\t\t<div class=\"elementor-widget-container\">\n\t\t\t\t\t\t\t\t\t<p><span style=\"font-family: georgia, palatino, serif;font-size: 14pt;color: #800000\"><strong>nyje.al | 21.01.2022<\/strong><\/span><\/p><p><span style=\"font-family: georgia, palatino, serif;font-size: 14pt\">Kund\u00ebr vendimit t\u00eb 10 n\u00ebntorit p\u00ebr heqjen e li\u00e7ens\u00ebs p\u00ebr prodhim energjie nga HEC-i \u201cZais\u201d, kompania Seka Hydropower ka dor\u00ebzuar nj\u00eb rekurs n\u00eb Gjykat\u00ebn e Lart\u00eb, pasuar nga argumentat kund\u00ebr, t\u00eb avokates q\u00eb p\u00ebrfaq\u00ebson banor\u00ebt e Zall \u2013 Gjo\u00e7aj. Avokatja Dorina Ndreka gjithashtu dor\u00ebzoi parashtrimet kund\u00ebr k\u00ebrkes\u00ebs q\u00eb ka b\u00ebr\u00eb kompania p\u00ebr pezullim t\u00eb ekzekutimit t\u00eb vendimit t\u00eb Apelit. P\u00ebrfaq\u00ebsuesit e kompanis\u00eb k\u00ebrkojn\u00eb q\u00eb t\u00eb pezullohet ekzekutimi i vendimit t\u00eb heqjes s\u00eb li\u00e7enc\u00ebs m\u00eb disa pretendime kryesuar nga argumenti se ekzekutimi i k\u00ebtij vendimi do t\u00eb sillte d\u00ebme t\u00eb pakthyeshme\u00a0 p\u00ebr kompanin\u00eb.<\/span><\/p><p><span style=\"font-family: georgia, palatino, serif;font-size: 14pt\"><img fetchpriority=\"high\" decoding=\"async\" class=\"alignnone wp-image-12150 size-large\" src=\"https:\/\/nyje.al\/wp-content\/uploads\/2022\/01\/IMG_9397-scaled-1-1024x683.jpg\" alt=\"\" width=\"1024\" height=\"683\" srcset=\"https:\/\/nyje.al\/wp-content\/uploads\/2022\/01\/IMG_9397-scaled-1-1024x683.jpg 1024w, https:\/\/nyje.al\/wp-content\/uploads\/2022\/01\/IMG_9397-scaled-1-768x512.jpg 768w, https:\/\/nyje.al\/wp-content\/uploads\/2022\/01\/IMG_9397-scaled-1-1536x1024.jpg 1536w, https:\/\/nyje.al\/wp-content\/uploads\/2022\/01\/IMG_9397-scaled-1-2048x1366.jpg 2048w, https:\/\/nyje.al\/wp-content\/uploads\/2022\/01\/IMG_9397-scaled-1-18x12.jpg 18w, https:\/\/nyje.al\/wp-content\/uploads\/2022\/01\/IMG_9397-scaled-1-1320x880.jpg 1320w, https:\/\/nyje.al\/wp-content\/uploads\/2022\/01\/IMG_9397-scaled-1-300x200.jpg 300w\" sizes=\"(max-width: 1024px) 100vw, 1024px\" \/><\/span><\/p><p><span style=\"font-family: georgia, palatino, serif;font-size: 14pt\">Ndreka, pas dor\u00ebzimit t\u00eb parashtrimeve, kund\u00ebrshton: <em>\u201c<\/em><em>N\u00eb fakt n\u00ebse ekzekutimi i vendimit pezullohet, d\u00ebmi i pariparuesh\u00ebm nuk i vjen shoq\u00ebris\u00eb \u201cSeka Hydropo<\/em><em>w<\/em><em>er\u201d nga mosprodhimi i 2.3 mgv energji elektrike por i vjen t\u00eb gjith\u00eb zon\u00ebs s\u00eb mbrojtur, i vjen n\u00eb fakt t\u00eb gjith\u00eb Republik\u00ebs s\u00eb Shqip\u00ebris\u00eb, t\u00eb gjith\u00eb ne si qytetar\u00eb t\u00eb saj p\u00ebr shkak se shkaktohen d\u00ebme t\u00eb parekuperueshme \u00e7do dit\u00eb q\u00eb aty vijon t\u00eb punoj ai HEC n\u00eb zon\u00eb t\u00eb mbrojtur.<\/em><em>\u201d<\/em><\/span><\/p><p><span style=\"font-family: georgia, palatino, serif;font-size: 14pt\">N\u00eb parashtrimet e dor\u00ebzuara ,n\u00eb p\u00ebrfaq\u00ebsim t\u00eb banor\u00ebve t\u00eb Zall-Gjo\u00e7aj, gjithashtu kund\u00ebrshtohet argumenti se HECi tashm\u00eb nuk \u00ebsht\u00eb n\u00eb zon\u00eb t\u00eb mbrojtur.<\/span><\/p><p><span style=\"font-family: georgia, palatino, serif;font-size: 14pt\">\u201cSeka Hydropower\u201d n\u00eb k\u00ebrkes\u00eb shkruan se \u201cme Vendimin Nr. 10 dat\u00eb 28.10.2020 t\u00eb K\u00ebshillit Komb\u00ebtar t\u00eb Territorit \u201cP\u00ebr p\u00ebrcaktimin e Kufijve t\u00eb Zonave t\u00eb Mbrojtura\u201d n\u00eb pik\u00ebn 1.6 \u00ebsht\u00eb p\u00ebrcaktuar kufiri i zon\u00ebs s\u00eb mbrojtur Lur\u00eb \u2013 Mali i Dej\u00ebs Park Komb\u00ebtar, duke e nxjerr\u00eb p\u00ebrfundimisht jasht\u00eb zon\u00ebs s\u00eb mbrojtur zon\u00ebn q\u00eb p\u00ebrfshin Melth dhe Zall \u2013 Gjo\u00e7aj\u201d, por ky pretendim vjen n\u00eb kund\u00ebrshtim me nenin 36 t\u00eb ligjit 81\/2017, \u201cP\u00ebr zonat e mbrojtura\u201d, q\u00eb thot\u00eb shprehimisht: <em>\u201c1. Miratimi i ndryshimit t\u00eb sip\u00ebrfaqes s\u00eb zon\u00ebs s\u00eb mbrojtur mjedisore, zgjerimi ose pak\u00ebsimi i saj b\u00ebhen me vendim t\u00eb K\u00ebshillit t\u00eb Ministrave, sipas propozimit t\u00eb ministrit ku argumentohet nevoja e ndryshimit konkret q\u00eb do t\u00eb p\u00ebrmir\u00ebsoj\u00eb rrjetin dhe mbrojtjen e zon\u00ebs pas vendimit t\u00eb KKT-s\u00eb p\u00ebr ndryshimin e sip\u00ebrfaqes s\u00eb zon\u00ebs s\u00eb mbrojtur mjedisore.\u201d<\/em><\/span><\/p><p><span style=\"font-family: georgia, palatino, serif;font-size: 14pt\"><img decoding=\"async\" class=\"alignnone wp-image-12158 size-large\" src=\"https:\/\/nyje.al\/wp-content\/uploads\/2022\/01\/IMG_9447-scaled-1-1024x683.jpg\" alt=\"\" width=\"1024\" height=\"683\" srcset=\"https:\/\/nyje.al\/wp-content\/uploads\/2022\/01\/IMG_9447-scaled-1-1024x683.jpg 1024w, https:\/\/nyje.al\/wp-content\/uploads\/2022\/01\/IMG_9447-scaled-1-768x512.jpg 768w, https:\/\/nyje.al\/wp-content\/uploads\/2022\/01\/IMG_9447-scaled-1-1536x1024.jpg 1536w, https:\/\/nyje.al\/wp-content\/uploads\/2022\/01\/IMG_9447-scaled-1-2048x1366.jpg 2048w, https:\/\/nyje.al\/wp-content\/uploads\/2022\/01\/IMG_9447-scaled-1-18x12.jpg 18w, https:\/\/nyje.al\/wp-content\/uploads\/2022\/01\/IMG_9447-scaled-1-1320x880.jpg 1320w, https:\/\/nyje.al\/wp-content\/uploads\/2022\/01\/IMG_9447-scaled-1-300x200.jpg 300w\" sizes=\"(max-width: 1024px) 100vw, 1024px\" \/><\/span><\/p><p><span style=\"font-family: georgia, palatino, serif;font-size: 14pt\">Dhe p\u00ebr ndryshimin e sip\u00ebrfaq\u00ebs s\u00eb Zon\u00ebs s\u00eb Mbrojtur n\u00eb Parkun Komb\u00ebtar Lur\u00eb \u2013 Mali i Dej\u00ebs, nuk ka asnj\u00eb vendim t\u00eb K\u00ebshillit t\u00eb Ministrave pos atij t\u00eb 2018 q\u00eb ka bashkuar dy zonat n\u00eb nj\u00eb Park Komb\u00ebtar.<\/span><\/p><p><span style=\"font-size: 12pt\"><span style=\"font-family: georgia, palatino, serif\"><img decoding=\"async\" class=\"wp-image-12153 size-large\" src=\"https:\/\/nyje.al\/wp-content\/uploads\/2022\/01\/IMG_9434-scaled-1-1024x683.jpg\" alt=\"\" width=\"1024\" height=\"683\" srcset=\"https:\/\/nyje.al\/wp-content\/uploads\/2022\/01\/IMG_9434-scaled-1-1024x683.jpg 1024w, https:\/\/nyje.al\/wp-content\/uploads\/2022\/01\/IMG_9434-scaled-1-768x512.jpg 768w, https:\/\/nyje.al\/wp-content\/uploads\/2022\/01\/IMG_9434-scaled-1-1536x1024.jpg 1536w, https:\/\/nyje.al\/wp-content\/uploads\/2022\/01\/IMG_9434-scaled-1-2048x1366.jpg 2048w, https:\/\/nyje.al\/wp-content\/uploads\/2022\/01\/IMG_9434-scaled-1-18x12.jpg 18w, https:\/\/nyje.al\/wp-content\/uploads\/2022\/01\/IMG_9434-scaled-1-1320x880.jpg 1320w, https:\/\/nyje.al\/wp-content\/uploads\/2022\/01\/IMG_9434-scaled-1-300x200.jpg 300w\" sizes=\"(max-width: 1024px) 100vw, 1024px\" \/><\/span> <span style=\"font-family: arial, helvetica, sans-serif;color: #999999\">Sali Koleci &#8211; Banor i Zall &#8211; Gjo\u00e7aj<\/span><\/span><\/p><p><span style=\"font-family: georgia, palatino, serif;font-size: 14pt\">\u201cE kemi mbrojt ne at\u00eb zon\u00eb, q\u00eb qeveria e shpalli Park Komb\u00ebtar se me qen\u00eb kish shpall Park Komb\u00ebtar vene tjera. Ne kemi mbrojt pyjet, kemi mbrojt territorin, kemi mbrojt tokat, po p\u00ebrse? Se ishte ai lum\u00eb. Kurse sot i vihet shkelmi, edhe thot\u00eb: Jo, duhet ta ndrroj\u00eb Gjykata e Lart\u00eb sepse un\u00eb d\u00ebmtohem. N\u00eb k\u00ebt\u00eb mes d\u00ebmtohemi ne.\u201d<\/span><\/p><p><span style=\"font-family: georgia, palatino, serif;font-size: 14pt\">Nj\u00eb tjet\u00ebr pretendim i kon\u00e7ensionarit \u00ebsht\u00eb se prodhimi energjitik i HEC-it Zais shp\u00ebton Shqip\u00ebrin\u00eb nga \u201ckriza\u201d energjitike q\u00eb e ka kapluar. Kur ky HEC prodhon m\u00eb pak se 0.46% se HECi m\u00eb i vog\u00ebl n\u00eb kaskad\u00ebn e Drinit.<\/span><br \/><span style=\"font-family: georgia, palatino, serif;font-size: 14pt\">Avokatja dhe banor\u00ebt u shprehen se kan\u00eb besim n\u00eb nj\u00eb vendim t\u00eb drejt\u00eb t\u00eb Kolegjit Administrativ\u00a0 t\u00eb Gjykat\u00ebs s\u00eb Lart\u00eb, mospranimin e k\u00ebrkes\u00ebs p\u00ebr pezullim t\u00eb ekzekutimit t\u00eb Vendimit t\u00eb Gjykat\u00ebs Administrative t\u00eb Apelit.<\/span><\/p>\t\t\t\t\t\t\t\t<\/div>\n\t\t\t\t<\/div>\n\t\t\t\t\t<\/div>\n\t\t\t\t<\/div>\n\t\t\t\t<\/div>","protected":false},"excerpt":{"rendered":"<p>nyje.al | 21.01.2022 Kund\u00ebr vendimit t\u00eb 10 n\u00ebntorit p\u00ebr heqjen e li\u00e7ens\u00ebs p\u00ebr prodhim energjie nga HEC-i \u201cZais\u201d, kompania Seka Hydropower ka dor\u00ebzuar nj\u00eb rekurs n\u00eb Gjykat\u00ebn e Lart\u00eb, pasuar nga argumentat kund\u00ebr, t\u00eb avokates q\u00eb p\u00ebrfaq\u00ebson banor\u00ebt e Zall \u2013 Gjo\u00e7aj. Avokatja Dorina Ndreka gjithashtu dor\u00ebzoi parashtrimet kund\u00ebr k\u00ebrkes\u00ebs q\u00eb ka b\u00ebr\u00eb kompania p\u00ebr pezullim t\u00eb ekzekutimit t\u00eb vendimit t\u00eb Apelit. P\u00ebrfaq\u00ebsuesit e kompanis\u00eb k\u00ebrkojn\u00eb q\u00eb t\u00eb pezullohet ekzekutimi i vendimit t\u00eb heqjes s\u00eb li\u00e7enc\u00ebs m\u00eb disa pretendime kryesuar nga argumenti se ekzekutimi i k\u00ebtij vendimi do t\u00eb sillte d\u00ebme t\u00eb pakthyeshme\u00a0 p\u00ebr kompanin\u00eb. Ndreka, pas dor\u00ebzimit t\u00eb parashtrimeve, kund\u00ebrshton: \u201cN\u00eb fakt n\u00ebse ekzekutimi i vendimit pezullohet, d\u00ebmi i pariparuesh\u00ebm nuk i vjen shoq\u00ebris\u00eb \u201cSeka Hydropower\u201d nga mosprodhimi i 2.3 mgv energji elektrike por i vjen t\u00eb gjith\u00eb zon\u00ebs s\u00eb mbrojtur, i vjen n\u00eb fakt t\u00eb gjith\u00eb Republik\u00ebs s\u00eb Shqip\u00ebris\u00eb, t\u00eb gjith\u00eb ne si qytetar\u00eb t\u00eb saj p\u00ebr shkak se shkaktohen d\u00ebme t\u00eb parekuperueshme \u00e7do dit\u00eb q\u00eb aty vijon t\u00eb punoj ai HEC n\u00eb zon\u00eb t\u00eb mbrojtur.\u201d N\u00eb parashtrimet e dor\u00ebzuara ,n\u00eb p\u00ebrfaq\u00ebsim t\u00eb banor\u00ebve t\u00eb Zall-Gjo\u00e7aj, gjithashtu kund\u00ebrshtohet argumenti se HECi tashm\u00eb nuk \u00ebsht\u00eb n\u00eb zon\u00eb t\u00eb mbrojtur. \u201cSeka Hydropower\u201d n\u00eb k\u00ebrkes\u00eb shkruan se \u201cme Vendimin Nr. 10 dat\u00eb 28.10.2020 t\u00eb K\u00ebshillit Komb\u00ebtar t\u00eb Territorit \u201cP\u00ebr p\u00ebrcaktimin e Kufijve t\u00eb Zonave t\u00eb Mbrojtura\u201d n\u00eb pik\u00ebn 1.6 \u00ebsht\u00eb p\u00ebrcaktuar kufiri i zon\u00ebs s\u00eb mbrojtur Lur\u00eb \u2013 Mali i Dej\u00ebs Park Komb\u00ebtar, duke e nxjerr\u00eb p\u00ebrfundimisht jasht\u00eb zon\u00ebs s\u00eb mbrojtur zon\u00ebn q\u00eb p\u00ebrfshin Melth dhe Zall \u2013 Gjo\u00e7aj\u201d, por ky pretendim vjen n\u00eb kund\u00ebrshtim me nenin 36 t\u00eb ligjit 81\/2017, \u201cP\u00ebr zonat e mbrojtura\u201d, q\u00eb thot\u00eb shprehimisht: \u201c1. Miratimi i ndryshimit t\u00eb sip\u00ebrfaqes s\u00eb zon\u00ebs s\u00eb mbrojtur mjedisore, zgjerimi ose pak\u00ebsimi i saj b\u00ebhen me vendim t\u00eb K\u00ebshillit t\u00eb Ministrave, sipas propozimit t\u00eb ministrit ku argumentohet nevoja e ndryshimit konkret q\u00eb do t\u00eb p\u00ebrmir\u00ebsoj\u00eb rrjetin dhe mbrojtjen e zon\u00ebs pas vendimit t\u00eb KKT-s\u00eb p\u00ebr ndryshimin e sip\u00ebrfaqes s\u00eb zon\u00ebs s\u00eb mbrojtur mjedisore.\u201d Dhe p\u00ebr ndryshimin e sip\u00ebrfaq\u00ebs s\u00eb Zon\u00ebs s\u00eb Mbrojtur n\u00eb Parkun Komb\u00ebtar Lur\u00eb \u2013 Mali i Dej\u00ebs, nuk ka asnj\u00eb vendim t\u00eb K\u00ebshillit t\u00eb Ministrave pos atij t\u00eb 2018 q\u00eb ka bashkuar dy zonat n\u00eb nj\u00eb Park Komb\u00ebtar. Sali Koleci &#8211; Banor i Zall &#8211; Gjo\u00e7aj \u201cE kemi mbrojt ne at\u00eb zon\u00eb, q\u00eb qeveria e shpalli Park Komb\u00ebtar se me qen\u00eb kish shpall Park Komb\u00ebtar vene tjera. Ne kemi mbrojt pyjet, kemi mbrojt territorin, kemi mbrojt tokat, po p\u00ebrse? Se ishte ai lum\u00eb. Kurse sot i vihet shkelmi, edhe thot\u00eb: Jo, duhet ta ndrroj\u00eb Gjykata e Lart\u00eb sepse un\u00eb d\u00ebmtohem. N\u00eb k\u00ebt\u00eb mes d\u00ebmtohemi ne.\u201d Nj\u00eb tjet\u00ebr pretendim i kon\u00e7ensionarit \u00ebsht\u00eb se prodhimi energjitik i HEC-it Zais shp\u00ebton Shqip\u00ebrin\u00eb nga \u201ckriza\u201d energjitike q\u00eb e ka kapluar. Kur ky HEC prodhon m\u00eb pak se 0.46% se HECi m\u00eb i vog\u00ebl n\u00eb kaskad\u00ebn e Drinit.Avokatja dhe banor\u00ebt u shprehen se kan\u00eb besim n\u00eb nj\u00eb vendim t\u00eb drejt\u00eb t\u00eb Kolegjit Administrativ\u00a0 t\u00eb Gjykat\u00ebs s\u00eb Lart\u00eb, mospranimin e k\u00ebrkes\u00ebs p\u00ebr pezullim t\u00eb ekzekutimit t\u00eb Vendimit t\u00eb Gjykat\u00ebs Administrative t\u00eb Apelit.<\/p>","protected":false},"author":2,"featured_media":12163,"comment_status":"open","ping_status":"open","sticky":false,"template":"","format":"standard","meta":{"episode_type":"","audio_file":"","podmotor_file_id":"","podmotor_episode_id":"","cover_image":"","cover_image_id":"","duration":"","filesize":"","filesize_raw":"","date_recorded":"","explicit":"","block":"","ocean_post_layout":"","ocean_both_sidebars_style":"","ocean_both_sidebars_content_width":0,"ocean_both_sidebars_sidebars_width":0,"ocean_sidebar":"ocs-kryenyje-category-post-sidebar","ocean_second_sidebar":"0","ocean_disable_margins":"enable","ocean_add_body_class":"","ocean_shortcode_before_top_bar":"","ocean_shortcode_after_top_bar":"","ocean_shortcode_before_header":"","ocean_shortcode_after_header":"","ocean_has_shortcode":"","ocean_shortcode_after_title":"","ocean_shortcode_before_footer_widgets":"","ocean_shortcode_after_footer_widgets":"","ocean_shortcode_before_footer_bottom":"","ocean_shortcode_after_footer_bottom":"","ocean_display_top_bar":"default","ocean_display_header":"default","ocean_header_style":"","ocean_center_header_left_menu":"0","ocean_custom_header_template":"0","ocean_custom_logo":0,"ocean_custom_retina_logo":0,"ocean_custom_logo_max_width":0,"ocean_custom_logo_tablet_max_width":0,"ocean_custom_logo_mobile_max_width":0,"ocean_custom_logo_max_height":0,"ocean_custom_logo_tablet_max_height":0,"ocean_custom_logo_mobile_max_height":0,"ocean_header_custom_menu":"0","ocean_menu_typo_font_family":"0","ocean_menu_typo_font_subset":"","ocean_menu_typo_font_size":0,"ocean_menu_typo_font_size_tablet":0,"ocean_menu_typo_font_size_mobile":0,"ocean_menu_typo_font_size_unit":"px","ocean_menu_typo_font_weight":"","ocean_menu_typo_font_weight_tablet":"","ocean_menu_typo_font_weight_mobile":"","ocean_menu_typo_transform":"","ocean_menu_typo_transform_tablet":"","ocean_menu_typo_transform_mobile":"","ocean_menu_typo_line_height":0,"ocean_menu_typo_line_height_tablet":0,"ocean_menu_typo_line_height_mobile":0,"ocean_menu_typo_line_height_unit":"","ocean_menu_typo_spacing":0,"ocean_menu_typo_spacing_tablet":0,"ocean_menu_typo_spacing_mobile":0,"ocean_menu_typo_spacing_unit":"","ocean_menu_link_color":"","ocean_menu_link_color_hover":"","ocean_menu_link_color_active":"","ocean_menu_link_background":"","ocean_menu_link_hover_background":"","ocean_menu_link_active_background":"","ocean_menu_social_links_bg":"","ocean_menu_social_hover_links_bg":"","ocean_menu_social_links_color":"","ocean_menu_social_hover_links_color":"","ocean_disable_title":"default","ocean_disable_heading":"default","ocean_post_title":"","ocean_post_subheading":"","ocean_post_title_style":"","ocean_post_title_background_color":"","ocean_post_title_background":0,"ocean_post_title_bg_image_position":"","ocean_post_title_bg_image_attachment":"","ocean_post_title_bg_image_repeat":"","ocean_post_title_bg_image_size":"","ocean_post_title_height":0,"ocean_post_title_bg_overlay":0.5,"ocean_post_title_bg_overlay_color":"","ocean_disable_breadcrumbs":"default","ocean_breadcrumbs_color":"","ocean_breadcrumbs_separator_color":"","ocean_breadcrumbs_links_color":"","ocean_breadcrumbs_links_hover_color":"","ocean_display_footer_widgets":"default","ocean_display_footer_bottom":"default","ocean_custom_footer_template":"0","ocean_post_oembed":"","ocean_post_self_hosted_media":"","ocean_post_video_embed":"","ocean_link_format":"","ocean_link_format_target":"self","ocean_quote_format":"","ocean_quote_format_link":"post","ocean_gallery_link_images":"off","ocean_gallery_id":[],"footnotes":""},"categories":[4],"tags":[15,54,115,224,266,328,350],"class_list":["post-12146","post","type-post","status-publish","format-standard","has-post-thumbnail","hentry","category-kryenyje","tag-aktiviste","tag-ceshtje-mjedisore","tag-gjykate-administrative","tag-padi","tag-pyll","tag-uje","tag-zall-gjocaj","entry","has-media"],"_links":{"self":[{"href":"https:\/\/nyje.al\/sq\/wp-json\/wp\/v2\/posts\/12146","targetHints":{"allow":["GET"]}}],"collection":[{"href":"https:\/\/nyje.al\/sq\/wp-json\/wp\/v2\/posts"}],"about":[{"href":"https:\/\/nyje.al\/sq\/wp-json\/wp\/v2\/types\/post"}],"author":[{"embeddable":true,"href":"https:\/\/nyje.al\/sq\/wp-json\/wp\/v2\/users\/2"}],"replies":[{"embeddable":true,"href":"https:\/\/nyje.al\/sq\/wp-json\/wp\/v2\/comments?post=12146"}],"version-history":[{"count":5,"href":"https:\/\/nyje.al\/sq\/wp-json\/wp\/v2\/posts\/12146\/revisions"}],"predecessor-version":[{"id":25859,"href":"https:\/\/nyje.al\/sq\/wp-json\/wp\/v2\/posts\/12146\/revisions\/25859"}],"wp:featuredmedia":[{"embeddable":true,"href":"https:\/\/nyje.al\/sq\/wp-json\/wp\/v2\/media\/12163"}],"wp:attachment":[{"href":"https:\/\/nyje.al\/sq\/wp-json\/wp\/v2\/media?parent=12146"}],"wp:term":[{"taxonomy":"category","embeddable":true,"href":"https:\/\/nyje.al\/sq\/wp-json\/wp\/v2\/categories?post=12146"},{"taxonomy":"post_tag","embeddable":true,"href":"https:\/\/nyje.al\/sq\/wp-json\/wp\/v2\/tags?post=12146"}],"curies":[{"name":"wp","href":"https:\/\/api.w.org\/{rel}","templated":true}]}}