{"id":11134,"date":"2021-09-20T19:48:47","date_gmt":"2021-09-20T17:48:47","guid":{"rendered":"http:\/\/nyje.al\/?p=11134"},"modified":"2024-09-13T13:43:04","modified_gmt":"2024-09-13T11:43:04","slug":"ekspertet-nuk-kryejne-detyren-plepat-e-brukes-zvarritet-ne-sallat-e-gjykates","status":"publish","type":"post","link":"https:\/\/nyje.al\/sq\/ekspertet-nuk-kryejne-detyren-plepat-e-brukes-zvarritet-ne-sallat-e-gjykates\/","title":{"rendered":"Ekspert\u00ebt nuk kryejn\u00eb detyr\u00ebn, &#8220;Plepat e Bruk\u00ebs&#8221; zvarritet n\u00eb sallat e Gjykat\u00ebs"},"content":{"rendered":"<div data-elementor-type=\"wp-post\" data-elementor-id=\"11134\" class=\"elementor elementor-11134\">\n\t\t\t\t<div class=\"elementor-element elementor-element-356c4ec5 e-flex e-con-boxed wpr-particle-no wpr-jarallax-no wpr-parallax-no wpr-sticky-section-no wpr-equal-height-no e-con e-parent\" data-id=\"356c4ec5\" data-element_type=\"container\" data-e-type=\"container\">\n\t\t\t\t\t<div class=\"e-con-inner\">\n\t\t\t\t<div class=\"elementor-element elementor-element-5e90033e elementor-widget elementor-widget-text-editor\" data-id=\"5e90033e\" data-element_type=\"widget\" data-e-type=\"widget\" data-widget_type=\"text-editor.default\">\n\t\t\t\t<div class=\"elementor-widget-container\">\n\t\t\t\t\t\t\t\t\t<p style=\"text-align: justify\"><span style=\"color: #800000;font-family: georgia, palatino, serif;font-size: 14pt\"><strong>nyje.al | 20.09.2021\u00a0<\/strong><\/span><\/p><p style=\"text-align: justify\"><span style=\"font-family: georgia, palatino, serif;font-size: 14pt\">Mungesa e aktit t\u00eb ekspertimit, e caktuar si detyr\u00eb nga Gjykata Administrative p\u00ebr ekspert\u00ebt e \u00e7\u00ebshtjes s\u00eb Plepave t\u00eb Bruk\u00ebs, e shtyn p\u00ebrs\u00ebri afatin e marrjes s\u00eb nj\u00eb vendimi mbi fatin e pyllit t\u00eb Laknasit. N\u00eb seanc\u00ebn gjyq\u00ebsore t\u00eb dit\u00ebs s\u00eb sotme ishte parashikuar t\u00eb diskutohej mbi nj\u00eb akt ekspertimi shtes\u00eb n\u00eb t\u00eb cilin do t\u00eb p\u00ebrcaktohej se sa \u00ebsht\u00eb dend\u00ebsia reale e pem\u00ebve n\u00eb t\u00eb gjith\u00eb sip\u00ebrfaqen e \u201cPlepave t\u00eb Bruk\u00ebs\u201d. N\u00eb seanc\u00ebn e <a href=\"https:\/\/nyje.al\/sq\/plepat-e-brukes-ne-dyert-e-gjykates-ceshtja-do-te-shqyrtohet-ne-vjeshte\/\">dat\u00ebs 6 korrik,<\/a> gjykat\u00ebsi i k\u00ebrkoi ekspert\u00ebve t\u00eb b\u00ebjn\u00eb num\u00ebrimin fizik dhe real t\u00eb pem\u00ebve dhe nj\u00ebkoh\u00ebsisht t\u00eb p\u00ebrcaktonin se cilat ishin pjes\u00ebt me dend\u00ebsin\u00eb m\u00eb t\u00eb madhe t\u00eb pron\u00ebs.<\/span><\/p><p style=\"text-align: justify\"><span style=\"font-family: georgia, palatino, serif;font-size: 14pt\">\u201cEkspert\u00ebt e kishin si detyr\u00eb nga Gjykata ta dor\u00ebzonin aktin m\u00eb dat\u00eb 26 korrik, ne ta t\u00ebrhiqnim p\u00ebr analizim dhe sot t\u00eb diskutohej. Ata nuk e soll\u00ebn as sot aktin e ekspertimit p\u00ebr arsye se v\u00ebzhgimi n\u00eb terren \u00ebsht\u00eb kryer vet\u00ebm para pak dit\u00ebsh, n\u00eb t\u00eb cilin kemi qen\u00eb bashk\u00eb me banor\u00ebt prezent\u00eb.\u201d- u shpreh Dorina Nreka, avokate e pal\u00ebs padit\u00ebse, banor\u00ebve t\u00eb Laknasit, pasi doli nga seanca.<\/span><br \/><span style=\"font-family: georgia, palatino, serif;font-size: 14pt\">\u00cbsht\u00eb pik\u00ebrisht ky akt ekspertimi shtes\u00eb q\u00eb e shtyn t\u00eb gjith\u00eb procesin gjyq\u00ebsor mbi \u00e7\u00ebshtjen e Plepave t\u00eb Bruk\u00ebs pasi diskutimet mbi themelin e saj jan\u00eb kryer. N\u00eb seanc\u00ebn e rradh\u00ebs, t\u00eb caktuar me 20 tetor pritet q\u00eb pal\u00ebt ta ken\u00eb aktin n\u00eb dor\u00eb t\u00eb analizuar dhe t\u00eb diskutojn\u00eb mbi k\u00ebrkesat e ngritura n\u00eb vazhdim\u00ebsi gjat\u00eb procesit, mbi t\u00eb cilat lindi nevoja e nj\u00eb shtese n\u00eb ekspertiz\u00eb.<\/span><\/p><p style=\"text-align: justify\"><span style=\"font-family: georgia, palatino, serif;font-size: 14pt\">Si shkelje t\u00eb r\u00ebnd\u00eb t\u00eb Kodit t\u00eb Procedur\u00ebs, Gjykata gjobiti dy ekspert\u00ebt me nga nj\u00ebqind mij\u00eb lek\u00eb secili dhe u \u00ebsht\u00eb k\u00ebrkuar dor\u00ebzimi i aktit t\u00eb ekspertimit brenda dhjet\u00eb dit\u00ebsh. Ky \u00ebsht\u00eb rast i p\u00ebrs\u00ebritur, pasi ekspert\u00ebt jan\u00eb gjobitur edhe nj\u00eb her\u00eb m\u00eb par\u00eb p\u00ebr neglizhim t\u00eb detyrave. N\u00ebse kjo sjellje vazhdon, gjykat\u00ebsi ka paralajm\u00ebruar rritje progresive t\u00eb gjob\u00ebs q\u00eb r\u00ebndon mbi ekspert\u00ebt.<\/span><br \/><span style=\"font-family: georgia, palatino, serif;font-size: 14pt\">Nd\u00ebrkoh\u00eb q\u00eb ndodhin t\u00eb gjitha k\u00ebto procedura burokratike ligjore, me zvarritje nga pap\u00ebrgjegjshm\u00ebria e ekspert\u00ebve, banor\u00ebt e Laknasit p\u00ebrve\u00e7 ndjekjes s\u00eb k\u00ebtyre seancave jan\u00eb vazhdimisht vigjilent\u00eb ndaj nd\u00ebrhyrjeve q\u00eb firma Bioproducts tenton t\u00eb kryej\u00eb n\u00eb pyll, e fundit <a href=\"https:\/\/nyje.al\/sq\/mes-pasigurise-institucionale-dhe-rrezikut-nga-privati-banoret-e-laknasit-mbrojne-plepat-e-brukes\/\">tentativ\u00eb p\u00ebr ta rrethuar<\/a> at\u00eb ishte n\u00eb mbyllje t\u00eb gushtit.<\/span><\/p>\t\t\t\t\t\t\t\t<\/div>\n\t\t\t\t<\/div>\n\t\t\t\t\t<\/div>\n\t\t\t\t<\/div>\n\t\t\t\t<\/div>","protected":false},"excerpt":{"rendered":"<p>nyje.al | 20.09.2021\u00a0 Mungesa e aktit t\u00eb ekspertimit, e caktuar si detyr\u00eb nga Gjykata Administrative p\u00ebr ekspert\u00ebt e \u00e7\u00ebshtjes s\u00eb Plepave t\u00eb Bruk\u00ebs, e shtyn p\u00ebrs\u00ebri afatin e marrjes s\u00eb nj\u00eb vendimi mbi fatin e pyllit t\u00eb Laknasit. N\u00eb seanc\u00ebn gjyq\u00ebsore t\u00eb dit\u00ebs s\u00eb sotme ishte parashikuar t\u00eb diskutohej mbi nj\u00eb akt ekspertimi shtes\u00eb n\u00eb t\u00eb cilin do t\u00eb p\u00ebrcaktohej se sa \u00ebsht\u00eb dend\u00ebsia reale e pem\u00ebve n\u00eb t\u00eb gjith\u00eb sip\u00ebrfaqen e \u201cPlepave t\u00eb Bruk\u00ebs\u201d. N\u00eb seanc\u00ebn e dat\u00ebs 6 korrik, gjykat\u00ebsi i k\u00ebrkoi ekspert\u00ebve t\u00eb b\u00ebjn\u00eb num\u00ebrimin fizik dhe real t\u00eb pem\u00ebve dhe nj\u00ebkoh\u00ebsisht t\u00eb p\u00ebrcaktonin se cilat ishin pjes\u00ebt me dend\u00ebsin\u00eb m\u00eb t\u00eb madhe t\u00eb pron\u00ebs. \u201cEkspert\u00ebt e kishin si detyr\u00eb nga Gjykata ta dor\u00ebzonin aktin m\u00eb dat\u00eb 26 korrik, ne ta t\u00ebrhiqnim p\u00ebr analizim dhe sot t\u00eb diskutohej. Ata nuk e soll\u00ebn as sot aktin e ekspertimit p\u00ebr arsye se v\u00ebzhgimi n\u00eb terren \u00ebsht\u00eb kryer vet\u00ebm para pak dit\u00ebsh, n\u00eb t\u00eb cilin kemi qen\u00eb bashk\u00eb me banor\u00ebt prezent\u00eb.\u201d- u shpreh Dorina Nreka, avokate e pal\u00ebs padit\u00ebse, banor\u00ebve t\u00eb Laknasit, pasi doli nga seanca.\u00cbsht\u00eb pik\u00ebrisht ky akt ekspertimi shtes\u00eb q\u00eb e shtyn t\u00eb gjith\u00eb procesin gjyq\u00ebsor mbi \u00e7\u00ebshtjen e Plepave t\u00eb Bruk\u00ebs pasi diskutimet mbi themelin e saj jan\u00eb kryer. N\u00eb seanc\u00ebn e rradh\u00ebs, t\u00eb caktuar me 20 tetor pritet q\u00eb pal\u00ebt ta ken\u00eb aktin n\u00eb dor\u00eb t\u00eb analizuar dhe t\u00eb diskutojn\u00eb mbi k\u00ebrkesat e ngritura n\u00eb vazhdim\u00ebsi gjat\u00eb procesit, mbi t\u00eb cilat lindi nevoja e nj\u00eb shtese n\u00eb ekspertiz\u00eb. Si shkelje t\u00eb r\u00ebnd\u00eb t\u00eb Kodit t\u00eb Procedur\u00ebs, Gjykata gjobiti dy ekspert\u00ebt me nga nj\u00ebqind mij\u00eb lek\u00eb secili dhe u \u00ebsht\u00eb k\u00ebrkuar dor\u00ebzimi i aktit t\u00eb ekspertimit brenda dhjet\u00eb dit\u00ebsh. Ky \u00ebsht\u00eb rast i p\u00ebrs\u00ebritur, pasi ekspert\u00ebt jan\u00eb gjobitur edhe nj\u00eb her\u00eb m\u00eb par\u00eb p\u00ebr neglizhim t\u00eb detyrave. N\u00ebse kjo sjellje vazhdon, gjykat\u00ebsi ka paralajm\u00ebruar rritje progresive t\u00eb gjob\u00ebs q\u00eb r\u00ebndon mbi ekspert\u00ebt.Nd\u00ebrkoh\u00eb q\u00eb ndodhin t\u00eb gjitha k\u00ebto procedura burokratike ligjore, me zvarritje nga pap\u00ebrgjegjshm\u00ebria e ekspert\u00ebve, banor\u00ebt e Laknasit p\u00ebrve\u00e7 ndjekjes s\u00eb k\u00ebtyre seancave jan\u00eb vazhdimisht vigjilent\u00eb ndaj nd\u00ebrhyrjeve q\u00eb firma Bioproducts tenton t\u00eb kryej\u00eb n\u00eb pyll, e fundit tentativ\u00eb p\u00ebr ta rrethuar at\u00eb ishte n\u00eb mbyllje t\u00eb gushtit.<\/p>","protected":false},"author":2,"featured_media":11136,"comment_status":"open","ping_status":"open","sticky":false,"template":"","format":"standard","meta":{"episode_type":"","audio_file":"","podmotor_file_id":"","podmotor_episode_id":"","cover_image":"","cover_image_id":"","duration":"","filesize":"","filesize_raw":"","date_recorded":"","explicit":"","block":"","ocean_post_layout":"right-sidebar","ocean_both_sidebars_style":"","ocean_both_sidebars_content_width":0,"ocean_both_sidebars_sidebars_width":0,"ocean_sidebar":"ocs-lajme-category-post-sidebar","ocean_second_sidebar":"0","ocean_disable_margins":"enable","ocean_add_body_class":"","ocean_shortcode_before_top_bar":"","ocean_shortcode_after_top_bar":"","ocean_shortcode_before_header":"","ocean_shortcode_after_header":"","ocean_has_shortcode":"","ocean_shortcode_after_title":"","ocean_shortcode_before_footer_widgets":"","ocean_shortcode_after_footer_widgets":"","ocean_shortcode_before_footer_bottom":"","ocean_shortcode_after_footer_bottom":"","ocean_display_top_bar":"default","ocean_display_header":"default","ocean_header_style":"","ocean_center_header_left_menu":"0","ocean_custom_header_template":"0","ocean_custom_logo":0,"ocean_custom_retina_logo":0,"ocean_custom_logo_max_width":0,"ocean_custom_logo_tablet_max_width":0,"ocean_custom_logo_mobile_max_width":0,"ocean_custom_logo_max_height":0,"ocean_custom_logo_tablet_max_height":0,"ocean_custom_logo_mobile_max_height":0,"ocean_header_custom_menu":"0","ocean_menu_typo_font_family":"0","ocean_menu_typo_font_subset":"","ocean_menu_typo_font_size":0,"ocean_menu_typo_font_size_tablet":0,"ocean_menu_typo_font_size_mobile":0,"ocean_menu_typo_font_size_unit":"px","ocean_menu_typo_font_weight":"","ocean_menu_typo_font_weight_tablet":"","ocean_menu_typo_font_weight_mobile":"","ocean_menu_typo_transform":"","ocean_menu_typo_transform_tablet":"","ocean_menu_typo_transform_mobile":"","ocean_menu_typo_line_height":0,"ocean_menu_typo_line_height_tablet":0,"ocean_menu_typo_line_height_mobile":0,"ocean_menu_typo_line_height_unit":"","ocean_menu_typo_spacing":0,"ocean_menu_typo_spacing_tablet":0,"ocean_menu_typo_spacing_mobile":0,"ocean_menu_typo_spacing_unit":"","ocean_menu_link_color":"","ocean_menu_link_color_hover":"","ocean_menu_link_color_active":"","ocean_menu_link_background":"","ocean_menu_link_hover_background":"","ocean_menu_link_active_background":"","ocean_menu_social_links_bg":"","ocean_menu_social_hover_links_bg":"","ocean_menu_social_links_color":"","ocean_menu_social_hover_links_color":"","ocean_disable_title":"default","ocean_disable_heading":"default","ocean_post_title":"","ocean_post_subheading":"","ocean_post_title_style":"","ocean_post_title_background_color":"","ocean_post_title_background":0,"ocean_post_title_bg_image_position":"","ocean_post_title_bg_image_attachment":"","ocean_post_title_bg_image_repeat":"","ocean_post_title_bg_image_size":"","ocean_post_title_height":0,"ocean_post_title_bg_overlay":0.5,"ocean_post_title_bg_overlay_color":"","ocean_disable_breadcrumbs":"default","ocean_breadcrumbs_color":"","ocean_breadcrumbs_separator_color":"","ocean_breadcrumbs_links_color":"","ocean_breadcrumbs_links_hover_color":"","ocean_display_footer_widgets":"default","ocean_display_footer_bottom":"default","ocean_custom_footer_template":"0","ocean_post_oembed":"","ocean_post_self_hosted_media":"","ocean_post_video_embed":"","ocean_link_format":"","ocean_link_format_target":"self","ocean_quote_format":"","ocean_quote_format_link":"post","ocean_gallery_link_images":"off","ocean_gallery_id":[],"footnotes":""},"categories":[6,4],"tags":[45,54,111,170,224,239,245],"class_list":["post-11134","post","type-post","status-publish","format-standard","has-post-thumbnail","hentry","category-lajme","category-kryenyje","tag-bioproducts","tag-ceshtje-mjedisore","tag-gjykata-administrative","tag-laknas","tag-padi","tag-plepat-e-brukes","tag-proces-gjyqesor","entry","has-media"],"_links":{"self":[{"href":"https:\/\/nyje.al\/sq\/wp-json\/wp\/v2\/posts\/11134","targetHints":{"allow":["GET"]}}],"collection":[{"href":"https:\/\/nyje.al\/sq\/wp-json\/wp\/v2\/posts"}],"about":[{"href":"https:\/\/nyje.al\/sq\/wp-json\/wp\/v2\/types\/post"}],"author":[{"embeddable":true,"href":"https:\/\/nyje.al\/sq\/wp-json\/wp\/v2\/users\/2"}],"replies":[{"embeddable":true,"href":"https:\/\/nyje.al\/sq\/wp-json\/wp\/v2\/comments?post=11134"}],"version-history":[{"count":5,"href":"https:\/\/nyje.al\/sq\/wp-json\/wp\/v2\/posts\/11134\/revisions"}],"predecessor-version":[{"id":25659,"href":"https:\/\/nyje.al\/sq\/wp-json\/wp\/v2\/posts\/11134\/revisions\/25659"}],"wp:featuredmedia":[{"embeddable":true,"href":"https:\/\/nyje.al\/sq\/wp-json\/wp\/v2\/media\/11136"}],"wp:attachment":[{"href":"https:\/\/nyje.al\/sq\/wp-json\/wp\/v2\/media?parent=11134"}],"wp:term":[{"taxonomy":"category","embeddable":true,"href":"https:\/\/nyje.al\/sq\/wp-json\/wp\/v2\/categories?post=11134"},{"taxonomy":"post_tag","embeddable":true,"href":"https:\/\/nyje.al\/sq\/wp-json\/wp\/v2\/tags?post=11134"}],"curies":[{"name":"wp","href":"https:\/\/api.w.org\/{rel}","templated":true}]}}